{"id":3632,"date":"2024-09-19T14:17:33","date_gmt":"2024-09-19T14:17:33","guid":{"rendered":"https:\/\/coletivoamarelo.com\/?p=3632"},"modified":"2025-08-27T10:33:18","modified_gmt":"2025-08-27T10:33:18","slug":"surya","status":"publish","type":"post","link":"https:\/\/coletivoamarelo.com\/nl\/surya\/","title":{"rendered":"Surya"},"content":{"rendered":"<h4 style=\"text-align: left;\"><span style=\"font-weight: 400;\">SAVE THE DATE: OPENING - 19 NOVEMBER - 18.00 TOT 21.00 UUR<\/span><\/h4>\n<p>Met grote vreugde maken wij de openingsdatum van de tentoonstelling bekend <strong><em>Surya<\/em><\/strong>, waarin het werk van <strong>Veridiana Leite<\/strong>samengesteld door Leonor Carrilho.<\/p>\n<p><em>Surya<\/em> presenteert een nieuw oeuvre uit de praktijk van Veridiana Leite, een beeldend kunstenaar uit Ribeir\u00e3o Preto, Brazili\u00eb, die momenteel in Lissabon woont.<\/p>\n<p>Veridiana schildert zoals ze danst. Haar losse, spontane, bijna wilde gebaren deconstrueren onze denkbeeldige landschappen en nemen ons mee naar nieuwe plaatsen, soms magisch, soms donker, waar onze waarneming wordt uitgedaagd tot andere observaties. Gebaseerd op verwijzingen naar vrouwelijke figuren of mythologische wezens die belangrijk zijn in haar werk, presenteert Veridiana een serie nieuwe schilderijen en keramische stukken die niet alleen de organische aard van de materialen die ze gebruikt onthullen, maar ook de spirituele uitbreiding van haar praktijk als schilder, beeldhouwer en danser.<\/p>\n<p>We wachten op jou!<\/p>\n<p><img loading=\"lazy\" decoding=\"async\" class=\"size-medium wp-image-3633 aligncenter\" src=\"https:\/\/coletivoamarelo.com\/wp-content\/uploads\/2024\/09\/Surya-254x300.jpg\" alt=\"\" width=\"254\" height=\"300\" \/><\/p>\n<p>&nbsp;<\/p>","protected":false},"excerpt":{"rendered":"<p>SAVE THE DATE: ABERTURA &#8211; 19 DE NOVEMBRO &#8211; 18H-21H \u00c9 com grande alegria que anunciamos a data de abertura da exposi\u00e7\u00e3o Surya, que re\u00fane os trabalhos de Veridiana Leite, com curadoria de Leonor Carrilho. Surya apresenta um novo corpo de trabalho da pr\u00e1tica de Veridiana Leite, artista visual de Ribeir\u00e3o Preto, Brasil, atualmente residente [&hellip;]<\/p>\n","protected":false},"author":3,"featured_media":3633,"comment_status":"closed","ping_status":"open","sticky":false,"template":"","format":"standard","meta":{"_et_pb_use_builder":"","_et_pb_old_content":"","_et_gb_content_width":"","_jetpack_memberships_contains_paid_content":false,"footnotes":""},"categories":[68,90,35],"tags":[],"class_list":["post-3632","post","type-post","status-publish","format-standard","has-post-thumbnail","hentry","category-artigo","category-destaque-home","category-eventos"],"acf":[],"jetpack_featured_media_url":"https:\/\/coletivoamarelo.com\/wp-content\/uploads\/2024\/09\/Surya.jpg","yoast_head":"<!-- This site is optimized with the Yoast SEO Premium plugin v15.3 - https:\/\/yoast.com\/wordpress\/plugins\/seo\/ -->\n<title>Surya &mdash; Coletivo Amarelo<\/title>\n<meta name=\"robots\" content=\"index, follow, max-snippet:-1, max-image-preview:large, max-video-preview:-1\" \/>\n<link rel=\"canonical\" href=\"https:\/\/coletivoamarelo.com\/nl\/surya\/\" \/>\n<meta property=\"og:locale\" content=\"nl_NL\" \/>\n<meta property=\"og:type\" content=\"article\" \/>\n<meta property=\"og:title\" content=\"Surya &mdash; Coletivo Amarelo\" \/>\n<meta property=\"og:description\" content=\"SAVE THE DATE: ABERTURA &#8211; 19 DE NOVEMBRO &#8211; 18H-21H \u00c9 com grande alegria que anunciamos a data de abertura da exposi\u00e7\u00e3o Surya, que re\u00fane os trabalhos de Veridiana Leite, com curadoria de Leonor Carrilho. Surya apresenta um novo corpo de trabalho da pr\u00e1tica de Veridiana Leite, artista visual de Ribeir\u00e3o Preto, Brasil, atualmente residente [&hellip;]\" \/>\n<meta property=\"og:url\" content=\"https:\/\/coletivoamarelo.com\/nl\/surya\/\" \/>\n<meta property=\"og:site_name\" content=\"Coletivo Amarelo\" \/>\n<meta property=\"article:published_time\" content=\"2024-09-19T14:17:33+00:00\" \/>\n<meta property=\"article:modified_time\" content=\"2025-08-27T10:33:18+00:00\" \/>\n<meta property=\"og:image\" content=\"https:\/\/coletivoamarelo.com\/wp-content\/uploads\/2024\/09\/Surya.jpg\" \/>\n\t<meta property=\"og:image:width\" content=\"1182\" \/>\n\t<meta property=\"og:image:height\" content=\"1394\" \/>\n<meta name=\"twitter:card\" content=\"summary_large_image\" \/>\n<meta name=\"twitter:label1\" content=\"Geschreven door\">\n\t<meta name=\"twitter:data1\" content=\"Stephanie Wruck\">\n\t<meta name=\"twitter:label2\" content=\"Geschatte leestijd\">\n\t<meta name=\"twitter:data2\" content=\"1 minuut\">\n<script type=\"application\/ld+json\" class=\"yoast-schema-graph\">{\"@context\":\"https:\/\/schema.org\",\"@graph\":[{\"@type\":\"Organization\",\"@id\":\"https:\/\/coletivoamarelo.com\/#organization\",\"name\":\"Coletivo Amarelo\",\"url\":\"https:\/\/coletivoamarelo.com\/\",\"sameAs\":[],\"logo\":{\"@type\":\"ImageObject\",\"@id\":\"https:\/\/coletivoamarelo.com\/#logo\",\"inLanguage\":\"nl-NL\",\"url\":\"https:\/\/coletivoamarelo.com\/wp-content\/uploads\/2023\/01\/coletivo-amarelo-logo-04.svg\",\"caption\":\"Coletivo Amarelo\"},\"image\":{\"@id\":\"https:\/\/coletivoamarelo.com\/#logo\"}},{\"@type\":\"WebSite\",\"@id\":\"https:\/\/coletivoamarelo.com\/#website\",\"url\":\"https:\/\/coletivoamarelo.com\/\",\"name\":\"Coletivo Amarelo\",\"description\":\"\",\"publisher\":{\"@id\":\"https:\/\/coletivoamarelo.com\/#organization\"},\"potentialAction\":[{\"@type\":\"SearchAction\",\"target\":\"https:\/\/coletivoamarelo.com\/?s={search_term_string}\",\"query-input\":\"required name=search_term_string\"}],\"inLanguage\":\"nl-NL\"},{\"@type\":\"ImageObject\",\"@id\":\"https:\/\/coletivoamarelo.com\/surya\/#primaryimage\",\"inLanguage\":\"nl-NL\",\"url\":\"https:\/\/coletivoamarelo.com\/wp-content\/uploads\/2024\/09\/Surya.jpg\",\"width\":1182,\"height\":1394},{\"@type\":\"WebPage\",\"@id\":\"https:\/\/coletivoamarelo.com\/surya\/#webpage\",\"url\":\"https:\/\/coletivoamarelo.com\/surya\/\",\"name\":\"Surya &mdash; Coletivo Amarelo\",\"isPartOf\":{\"@id\":\"https:\/\/coletivoamarelo.com\/#website\"},\"primaryImageOfPage\":{\"@id\":\"https:\/\/coletivoamarelo.com\/surya\/#primaryimage\"},\"datePublished\":\"2024-09-19T14:17:33+00:00\",\"dateModified\":\"2025-08-27T10:33:18+00:00\",\"breadcrumb\":{\"@id\":\"https:\/\/coletivoamarelo.com\/surya\/#breadcrumb\"},\"inLanguage\":\"nl-NL\",\"potentialAction\":[{\"@type\":\"ReadAction\",\"target\":[\"https:\/\/coletivoamarelo.com\/surya\/\"]}]},{\"@type\":\"BreadcrumbList\",\"@id\":\"https:\/\/coletivoamarelo.com\/surya\/#breadcrumb\",\"itemListElement\":[{\"@type\":\"ListItem\",\"position\":1,\"item\":{\"@type\":\"WebPage\",\"@id\":\"https:\/\/coletivoamarelo.com\/\",\"url\":\"https:\/\/coletivoamarelo.com\/\",\"name\":\"Home\"}},{\"@type\":\"ListItem\",\"position\":2,\"item\":{\"@type\":\"WebPage\",\"@id\":\"https:\/\/coletivoamarelo.com\/surya\/\",\"url\":\"https:\/\/coletivoamarelo.com\/surya\/\",\"name\":\"Surya\"}}]},{\"@type\":\"Article\",\"@id\":\"https:\/\/coletivoamarelo.com\/surya\/#article\",\"isPartOf\":{\"@id\":\"https:\/\/coletivoamarelo.com\/surya\/#webpage\"},\"author\":{\"@id\":\"https:\/\/coletivoamarelo.com\/#\/schema\/person\/0fbc30ce6db539a3d395008a59443aea\"},\"headline\":\"Surya\",\"datePublished\":\"2024-09-19T14:17:33+00:00\",\"dateModified\":\"2025-08-27T10:33:18+00:00\",\"mainEntityOfPage\":{\"@id\":\"https:\/\/coletivoamarelo.com\/surya\/#webpage\"},\"publisher\":{\"@id\":\"https:\/\/coletivoamarelo.com\/#organization\"},\"image\":{\"@id\":\"https:\/\/coletivoamarelo.com\/surya\/#primaryimage\"},\"articleSection\":\"Artigo,Destaque,Eventos\",\"inLanguage\":\"nl-NL\"},{\"@type\":\"Person\",\"@id\":\"https:\/\/coletivoamarelo.com\/#\/schema\/person\/0fbc30ce6db539a3d395008a59443aea\",\"name\":\"Stephanie Wruck\",\"image\":{\"@type\":\"ImageObject\",\"@id\":\"https:\/\/coletivoamarelo.com\/#personlogo\",\"inLanguage\":\"nl-NL\",\"url\":\"https:\/\/secure.gravatar.com\/avatar\/419b60e2d015a80726e5002c4546d205b24df0d35397b43cdc35aebccc044352?s=96&d=mm&r=g\",\"caption\":\"Stephanie Wruck\"}}]}<\/script>\n<!-- \/ Yoast SEO Premium plugin. -->","jetpack_sharing_enabled":true,"_links":{"self":[{"href":"https:\/\/coletivoamarelo.com\/nl\/wp-json\/wp\/v2\/posts\/3632","targetHints":{"allow":["GET"]}}],"collection":[{"href":"https:\/\/coletivoamarelo.com\/nl\/wp-json\/wp\/v2\/posts"}],"about":[{"href":"https:\/\/coletivoamarelo.com\/nl\/wp-json\/wp\/v2\/types\/post"}],"author":[{"embeddable":true,"href":"https:\/\/coletivoamarelo.com\/nl\/wp-json\/wp\/v2\/users\/3"}],"replies":[{"embeddable":true,"href":"https:\/\/coletivoamarelo.com\/nl\/wp-json\/wp\/v2\/comments?post=3632"}],"version-history":[{"count":2,"href":"https:\/\/coletivoamarelo.com\/nl\/wp-json\/wp\/v2\/posts\/3632\/revisions"}],"predecessor-version":[{"id":3636,"href":"https:\/\/coletivoamarelo.com\/nl\/wp-json\/wp\/v2\/posts\/3632\/revisions\/3636"}],"wp:featuredmedia":[{"embeddable":true,"href":"https:\/\/coletivoamarelo.com\/nl\/wp-json\/wp\/v2\/media\/3633"}],"wp:attachment":[{"href":"https:\/\/coletivoamarelo.com\/nl\/wp-json\/wp\/v2\/media?parent=3632"}],"wp:term":[{"taxonomy":"category","embeddable":true,"href":"https:\/\/coletivoamarelo.com\/nl\/wp-json\/wp\/v2\/categories?post=3632"},{"taxonomy":"post_tag","embeddable":true,"href":"https:\/\/coletivoamarelo.com\/nl\/wp-json\/wp\/v2\/tags?post=3632"}],"curies":[{"name":"wp","href":"https:\/\/api.w.org\/{rel}","templated":true}]}}