{"id":2212,"date":"2023-06-29T11:18:32","date_gmt":"2023-06-29T11:18:32","guid":{"rendered":"https:\/\/coletivoamarelo.com\/?p=2212"},"modified":"2025-08-27T10:33:23","modified_gmt":"2025-08-27T10:33:23","slug":"experimento-coletivo-confluencia","status":"publish","type":"post","link":"https:\/\/coletivoamarelo.com\/fr\/experimento-coletivo-confluencia\/","title":{"rendered":"Exp\u00e9rience collective : Confluence"},"content":{"rendered":"<p>Notre deuxi\u00e8me exposition \u00ab EXP\u00c9RIMENTATION COLLECTIVE : <span style=\"font-weight: 400;\">CONFLU\u00caNCIA \u00bb ouvre le 8 juillet \u00e0 18h dans notre espace.<\/span><\/p>\n<p>L&#039;exposition rassemble le travail de trois artistes de diff\u00e9rentes parties du monde dans une rencontre unique \u00e0 Lisbonne. Osias Andre du Mozambique, Gianlluca Carneiro du Br\u00e9sil et Michael SaintClaire des \u00c9tats-Unis. Ce sont des continents et des contextes diff\u00e9rents qui portent une po\u00e9tique accentu\u00e9e par leurs similitudes. Organis\u00e9e par Cristiana Tejo, l&#039;exposition comprend une toile de fond de couleurs vibrantes et de repr\u00e9sentations figuratives de chaque perspective g\u00e9ographique et personnelle. Osias Andre et Gianlluca Carneiro partagent notre espace d&#039;exposition principal, tandis que Michael SaintClaire occupe la \u00ab Minor Galeria de Lisboa \u00bb avec des peintures r\u00e9alis\u00e9es sp\u00e9cialement pour l&#039;exposition. Les artistes dialoguent entre eux, pr\u00e9sentant des peintures \u00e9troitement li\u00e9es \u00e0 leurs exp\u00e9riences et \u00e0 leurs univers artistiques personnels.<\/p>\n<p>Venez trinquer avec nous, samedi 8 juillet, de 18h \u00e0 21h \u00e0 Marvila.<\/p>\n<p><img loading=\"lazy\" decoding=\"async\" class=\"wp-image-2213 aligncenter\" src=\"https:\/\/coletivoamarelo.com\/wp-content\/uploads\/2023\/06\/OsiasAndre3-300x218.jpeg\" alt=\"\" width=\"486\" height=\"353\" \/><\/p>\n<p><strong>osias andr\u00e9<\/strong><\/p>\n<p>&nbsp;<\/p>\n<p>&nbsp;<\/p>\n<p><img loading=\"lazy\" decoding=\"async\" class=\"wp-image-2214 aligncenter\" src=\"https:\/\/coletivoamarelo.com\/wp-content\/uploads\/2023\/06\/Corpos-dancantes.png\" alt=\"\" width=\"484\" height=\"392\" srcset=\"https:\/\/coletivoamarelo.com\/wp-content\/uploads\/2023\/06\/Corpos-dancantes.png 296w, https:\/\/coletivoamarelo.com\/wp-content\/uploads\/2023\/06\/Corpos-dancantes-15x12.png 15w\" sizes=\"(max-width: 484px) 100vw, 484px\" \/><\/p>\n<p><strong>Gianlluca Carneiro<\/strong><\/p>\n<p>&nbsp;<\/p>\n<p>&nbsp;<\/p>\n<p><img loading=\"lazy\" decoding=\"async\" class=\"wp-image-2215 aligncenter\" src=\"https:\/\/coletivoamarelo.com\/wp-content\/uploads\/2023\/06\/Mike1-217x300.jpg\" alt=\"\" width=\"287\" height=\"397\" \/><\/p>\n<p><strong>Michel Sainte-Claire<\/strong><\/p>\n<p>&nbsp;<\/p>\n<p>&nbsp;<\/p>\n<p>&nbsp;<\/p>","protected":false},"excerpt":{"rendered":"<p>A nossa segunda exposi\u00e7\u00e3o &#8220;EXPERIMENTO COLETIVO: CONFLU\u00caNCIA&#8221; abre no dia 8 de julho as 18h em nosso espa\u00e7o. A exposi\u00e7\u00e3o re\u00fane o trabalho de tr\u00eas artistas provenientes de diferentes partes do mundo em um encontro \u00fanico em Lisboa. Osias Andre de Mo\u00e7ambique, Gianlluca Carneiro do Brasil e Michael SaintClaire dos Estados Unidos. S\u00e3o diferentes continentes [&hellip;]<\/p>\n","protected":false},"author":3,"featured_media":2213,"comment_status":"closed","ping_status":"open","sticky":false,"template":"","format":"standard","meta":{"_et_pb_use_builder":"","_et_pb_old_content":"","_et_gb_content_width":"","_jetpack_memberships_contains_paid_content":false,"footnotes":""},"categories":[35],"tags":[],"class_list":["post-2212","post","type-post","status-publish","format-standard","has-post-thumbnail","hentry","category-eventos"],"acf":[],"jetpack_featured_media_url":"https:\/\/coletivoamarelo.com\/wp-content\/uploads\/2023\/06\/OsiasAndre3-scaled.jpeg","yoast_head":"<!-- This site is optimized with the Yoast SEO Premium plugin v15.3 - https:\/\/yoast.com\/wordpress\/plugins\/seo\/ -->\n<title>Experimento Coletivo: Conflu\u00eancia &mdash; Coletivo Amarelo<\/title>\n<meta name=\"robots\" content=\"index, follow, max-snippet:-1, max-image-preview:large, max-video-preview:-1\" \/>\n<link rel=\"canonical\" href=\"https:\/\/coletivoamarelo.com\/fr\/experimento-coletivo-confluencia\/\" \/>\n<meta property=\"og:locale\" content=\"fr_FR\" \/>\n<meta property=\"og:type\" content=\"article\" \/>\n<meta property=\"og:title\" content=\"Experimento Coletivo: Conflu\u00eancia &mdash; Coletivo Amarelo\" \/>\n<meta property=\"og:description\" content=\"A nossa segunda exposi\u00e7\u00e3o &#8220;EXPERIMENTO COLETIVO: CONFLU\u00caNCIA&#8221; abre no dia 8 de julho as 18h em nosso espa\u00e7o. A exposi\u00e7\u00e3o re\u00fane o trabalho de tr\u00eas artistas provenientes de diferentes partes do mundo em um encontro \u00fanico em Lisboa. Osias Andre de Mo\u00e7ambique, Gianlluca Carneiro do Brasil e Michael SaintClaire dos Estados Unidos. S\u00e3o diferentes continentes [&hellip;]\" \/>\n<meta property=\"og:url\" content=\"https:\/\/coletivoamarelo.com\/fr\/experimento-coletivo-confluencia\/\" \/>\n<meta property=\"og:site_name\" content=\"Coletivo Amarelo\" \/>\n<meta property=\"article:published_time\" content=\"2023-06-29T11:18:32+00:00\" \/>\n<meta property=\"article:modified_time\" content=\"2025-08-27T10:33:23+00:00\" \/>\n<meta property=\"og:image\" content=\"https:\/\/coletivoamarelo.com\/wp-content\/uploads\/2023\/06\/OsiasAndre3-scaled.jpeg\" \/>\n\t<meta property=\"og:image:width\" content=\"2560\" \/>\n\t<meta property=\"og:image:height\" content=\"1857\" \/>\n<meta name=\"twitter:card\" content=\"summary_large_image\" \/>\n<meta name=\"twitter:label1\" content=\"\u00c9crit par\">\n\t<meta name=\"twitter:data1\" content=\"Stephanie Wruck\">\n\t<meta name=\"twitter:label2\" content=\"Dur\u00e9e de lecture estim\u00e9e\">\n\t<meta name=\"twitter:data2\" content=\"1 minute\">\n<script type=\"application\/ld+json\" class=\"yoast-schema-graph\">{\"@context\":\"https:\/\/schema.org\",\"@graph\":[{\"@type\":\"Organization\",\"@id\":\"https:\/\/coletivoamarelo.com\/#organization\",\"name\":\"Coletivo Amarelo\",\"url\":\"https:\/\/coletivoamarelo.com\/\",\"sameAs\":[],\"logo\":{\"@type\":\"ImageObject\",\"@id\":\"https:\/\/coletivoamarelo.com\/#logo\",\"inLanguage\":\"fr-FR\",\"url\":\"https:\/\/coletivoamarelo.com\/wp-content\/uploads\/2023\/01\/coletivo-amarelo-logo-04.svg\",\"caption\":\"Coletivo Amarelo\"},\"image\":{\"@id\":\"https:\/\/coletivoamarelo.com\/#logo\"}},{\"@type\":\"WebSite\",\"@id\":\"https:\/\/coletivoamarelo.com\/#website\",\"url\":\"https:\/\/coletivoamarelo.com\/\",\"name\":\"Coletivo Amarelo\",\"description\":\"\",\"publisher\":{\"@id\":\"https:\/\/coletivoamarelo.com\/#organization\"},\"potentialAction\":[{\"@type\":\"SearchAction\",\"target\":\"https:\/\/coletivoamarelo.com\/?s={search_term_string}\",\"query-input\":\"required name=search_term_string\"}],\"inLanguage\":\"fr-FR\"},{\"@type\":\"ImageObject\",\"@id\":\"https:\/\/coletivoamarelo.com\/experimento-coletivo-confluencia\/#primaryimage\",\"inLanguage\":\"fr-FR\",\"url\":\"https:\/\/coletivoamarelo.com\/wp-content\/uploads\/2023\/06\/OsiasAndre3-scaled.jpeg\",\"width\":2560,\"height\":1857},{\"@type\":\"WebPage\",\"@id\":\"https:\/\/coletivoamarelo.com\/experimento-coletivo-confluencia\/#webpage\",\"url\":\"https:\/\/coletivoamarelo.com\/experimento-coletivo-confluencia\/\",\"name\":\"Experimento Coletivo: Conflu\\u00eancia &mdash; Coletivo Amarelo\",\"isPartOf\":{\"@id\":\"https:\/\/coletivoamarelo.com\/#website\"},\"primaryImageOfPage\":{\"@id\":\"https:\/\/coletivoamarelo.com\/experimento-coletivo-confluencia\/#primaryimage\"},\"datePublished\":\"2023-06-29T11:18:32+00:00\",\"dateModified\":\"2025-08-27T10:33:23+00:00\",\"breadcrumb\":{\"@id\":\"https:\/\/coletivoamarelo.com\/experimento-coletivo-confluencia\/#breadcrumb\"},\"inLanguage\":\"fr-FR\",\"potentialAction\":[{\"@type\":\"ReadAction\",\"target\":[\"https:\/\/coletivoamarelo.com\/experimento-coletivo-confluencia\/\"]}]},{\"@type\":\"BreadcrumbList\",\"@id\":\"https:\/\/coletivoamarelo.com\/experimento-coletivo-confluencia\/#breadcrumb\",\"itemListElement\":[{\"@type\":\"ListItem\",\"position\":1,\"item\":{\"@type\":\"WebPage\",\"@id\":\"https:\/\/coletivoamarelo.com\/\",\"url\":\"https:\/\/coletivoamarelo.com\/\",\"name\":\"Home\"}},{\"@type\":\"ListItem\",\"position\":2,\"item\":{\"@type\":\"WebPage\",\"@id\":\"https:\/\/coletivoamarelo.com\/experimento-coletivo-confluencia\/\",\"url\":\"https:\/\/coletivoamarelo.com\/experimento-coletivo-confluencia\/\",\"name\":\"Experimento Coletivo: Conflu\\u00eancia\"}}]},{\"@type\":\"Article\",\"@id\":\"https:\/\/coletivoamarelo.com\/experimento-coletivo-confluencia\/#article\",\"isPartOf\":{\"@id\":\"https:\/\/coletivoamarelo.com\/experimento-coletivo-confluencia\/#webpage\"},\"author\":{\"@id\":\"https:\/\/coletivoamarelo.com\/#\/schema\/person\/0fbc30ce6db539a3d395008a59443aea\"},\"headline\":\"Experimento Coletivo: Conflu\\u00eancia\",\"datePublished\":\"2023-06-29T11:18:32+00:00\",\"dateModified\":\"2025-08-27T10:33:23+00:00\",\"mainEntityOfPage\":{\"@id\":\"https:\/\/coletivoamarelo.com\/experimento-coletivo-confluencia\/#webpage\"},\"publisher\":{\"@id\":\"https:\/\/coletivoamarelo.com\/#organization\"},\"image\":{\"@id\":\"https:\/\/coletivoamarelo.com\/experimento-coletivo-confluencia\/#primaryimage\"},\"articleSection\":\"Eventos\",\"inLanguage\":\"fr-FR\"},{\"@type\":\"Person\",\"@id\":\"https:\/\/coletivoamarelo.com\/#\/schema\/person\/0fbc30ce6db539a3d395008a59443aea\",\"name\":\"Stephanie Wruck\",\"image\":{\"@type\":\"ImageObject\",\"@id\":\"https:\/\/coletivoamarelo.com\/#personlogo\",\"inLanguage\":\"fr-FR\",\"url\":\"https:\/\/secure.gravatar.com\/avatar\/419b60e2d015a80726e5002c4546d205b24df0d35397b43cdc35aebccc044352?s=96&d=mm&r=g\",\"caption\":\"Stephanie Wruck\"}}]}<\/script>\n<!-- \/ Yoast SEO Premium plugin. -->","jetpack_sharing_enabled":true,"_links":{"self":[{"href":"https:\/\/coletivoamarelo.com\/fr\/wp-json\/wp\/v2\/posts\/2212","targetHints":{"allow":["GET"]}}],"collection":[{"href":"https:\/\/coletivoamarelo.com\/fr\/wp-json\/wp\/v2\/posts"}],"about":[{"href":"https:\/\/coletivoamarelo.com\/fr\/wp-json\/wp\/v2\/types\/post"}],"author":[{"embeddable":true,"href":"https:\/\/coletivoamarelo.com\/fr\/wp-json\/wp\/v2\/users\/3"}],"replies":[{"embeddable":true,"href":"https:\/\/coletivoamarelo.com\/fr\/wp-json\/wp\/v2\/comments?post=2212"}],"version-history":[{"count":1,"href":"https:\/\/coletivoamarelo.com\/fr\/wp-json\/wp\/v2\/posts\/2212\/revisions"}],"predecessor-version":[{"id":4503,"href":"https:\/\/coletivoamarelo.com\/fr\/wp-json\/wp\/v2\/posts\/2212\/revisions\/4503"}],"wp:featuredmedia":[{"embeddable":true,"href":"https:\/\/coletivoamarelo.com\/fr\/wp-json\/wp\/v2\/media\/2213"}],"wp:attachment":[{"href":"https:\/\/coletivoamarelo.com\/fr\/wp-json\/wp\/v2\/media?parent=2212"}],"wp:term":[{"taxonomy":"category","embeddable":true,"href":"https:\/\/coletivoamarelo.com\/fr\/wp-json\/wp\/v2\/categories?post=2212"},{"taxonomy":"post_tag","embeddable":true,"href":"https:\/\/coletivoamarelo.com\/fr\/wp-json\/wp\/v2\/tags?post=2212"}],"curies":[{"name":"wp","href":"https:\/\/api.w.org\/{rel}","templated":true}]}}