{"id":2044,"date":"2021-07-06T14:34:40","date_gmt":"2021-07-06T14:34:40","guid":{"rendered":"https:\/\/dev.coletivoamarelo.pt\/?p=2044"},"modified":"2023-05-10T14:37:45","modified_gmt":"2023-05-10T14:37:45","slug":"exposicao-rapture-por-ai-weiwei","status":"publish","type":"post","link":"https:\/\/coletivoamarelo.com\/fr\/exposicao-rapture-por-ai-weiwei\/","title":{"rendered":"Exposition \u00ab Rapture \u00bb, de Ai Weiwei"},"content":{"rendered":"<p>Compris.<\/p>\n<p>Si je devais choisir un seul mot pour d\u00e9crire l&#039;exposition <strong>ravissement<\/strong> d&#039;Ai Weiwei \u00e0 Cordoaria Nacional, je choisirais celui-ci : inclusif.<\/p>\n<p>Oui, nous sommes tous boulevers\u00e9s, nous sommes malades mentalement et physiquement. Nous sommes \u00e9puis\u00e9s, sans espoir, pratiquement naufrag\u00e9s au milieu d\u2019\u00e9v\u00e9nements et d\u2019actualit\u00e9s quotidiennes qui se sont bien d\u00e9t\u00e9rior\u00e9es, ou qui vont tr\u00e8s mal, comme diraient les Portugais.<\/p>\n<p>Appartenir, se sentir inclus et \u00ab en s\u00e9curit\u00e9 \u00bb, m\u00eame s\u2019il est illusoire, est devenu une sorte de besoin d\u2019ancrage, le plus recherch\u00e9.<\/p>\n<p><img loading=\"lazy\" decoding=\"async\" class=\"wp-image-2045 alignleft\" src=\"https:\/\/coletivoamarelo.com\/wp-content\/uploads\/2023\/05\/95EA1655-29D1-4B83-9C5F-3D5C39D8BDB4-823D3C8A-0D73-4B0D-8D60-F2768DE44130_480x480-225x300.webp\" alt=\"\" width=\"234\" height=\"312\" srcset=\"https:\/\/coletivoamarelo.com\/wp-content\/uploads\/2023\/05\/95EA1655-29D1-4B83-9C5F-3D5C39D8BDB4-823D3C8A-0D73-4B0D-8D60-F2768DE44130_480x480-225x300.webp 225w, https:\/\/coletivoamarelo.com\/wp-content\/uploads\/2023\/05\/95EA1655-29D1-4B83-9C5F-3D5C39D8BDB4-823D3C8A-0D73-4B0D-8D60-F2768DE44130_480x480-9x12.webp 9w, https:\/\/coletivoamarelo.com\/wp-content\/uploads\/2023\/05\/95EA1655-29D1-4B83-9C5F-3D5C39D8BDB4-823D3C8A-0D73-4B0D-8D60-F2768DE44130_480x480.webp 360w\" sizes=\"(max-width: 234px) 100vw, 234px\" \/><img loading=\"lazy\" decoding=\"async\" class=\"alignnone  wp-image-2047\" src=\"https:\/\/coletivoamarelo.com\/wp-content\/uploads\/2023\/05\/6F36C994-DEEF-43E1-AAB8-7BC8F43D61DE-7D34E6FD-911D-4E87-8893-9EB9E487A242_480x480-248x300.webp\" alt=\"\" width=\"263\" height=\"318\" srcset=\"https:\/\/coletivoamarelo.com\/wp-content\/uploads\/2023\/05\/6F36C994-DEEF-43E1-AAB8-7BC8F43D61DE-7D34E6FD-911D-4E87-8893-9EB9E487A242_480x480-248x300.webp 248w, https:\/\/coletivoamarelo.com\/wp-content\/uploads\/2023\/05\/6F36C994-DEEF-43E1-AAB8-7BC8F43D61DE-7D34E6FD-911D-4E87-8893-9EB9E487A242_480x480-10x12.webp 10w, https:\/\/coletivoamarelo.com\/wp-content\/uploads\/2023\/05\/6F36C994-DEEF-43E1-AAB8-7BC8F43D61DE-7D34E6FD-911D-4E87-8893-9EB9E487A242_480x480.webp 396w\" sizes=\"(max-width: 263px) 100vw, 263px\" \/><\/p>\n<p>Quand j\u2019ai quitt\u00e9 l\u2019exposition \u2013 en extase \u2013 je me suis senti accueilli et inclus.<\/p>\n<p>Pour ceux qui l\u2019ont d\u00e9j\u00e0 vu, cela peut sembler un sentiment d\u00e9routant ou \u00e9trange, apr\u00e8s tout, presque tous les probl\u00e8mes que nous traversons y sont clairement et explicitement pr\u00e9sents. Vid\u00e9os de trajectoires tragiques, de r\u00e9fugi\u00e9s \u00e0 travers le monde, de sc\u00e8nes de r\u00e9pression chinoise, de glissements de terrain et de morts d&#039;enfants, de guerres, de catastrophes environnementales, de pand\u00e9mies, etc.<\/p>\n<p>Tout ce qui nous hante est expos\u00e9, grand ouvert. Comme l\u2019\u00e9norme rouleau de papier toilette en marbre, un symbole bizarre de notre instinct de survie \u00e9go\u00efste.<\/p>\n<p><img loading=\"lazy\" decoding=\"async\" class=\"size-medium wp-image-2048 alignleft\" src=\"https:\/\/coletivoamarelo.com\/wp-content\/uploads\/2023\/05\/DCE53B26-5D94-41AC-8346-D3C915002AF7-B1AB2C89-D722-4082-88C9-E0C25C0AF76D_480x480-225x300.jpg\" alt=\"\" width=\"225\" height=\"300\" srcset=\"https:\/\/coletivoamarelo.com\/wp-content\/uploads\/2023\/05\/DCE53B26-5D94-41AC-8346-D3C915002AF7-B1AB2C89-D722-4082-88C9-E0C25C0AF76D_480x480-225x300.jpg 225w, https:\/\/coletivoamarelo.com\/wp-content\/uploads\/2023\/05\/DCE53B26-5D94-41AC-8346-D3C915002AF7-B1AB2C89-D722-4082-88C9-E0C25C0AF76D_480x480-9x12.jpg 9w, https:\/\/coletivoamarelo.com\/wp-content\/uploads\/2023\/05\/DCE53B26-5D94-41AC-8346-D3C915002AF7-B1AB2C89-D722-4082-88C9-E0C25C0AF76D_480x480.jpg 360w\" sizes=\"(max-width: 225px) 100vw, 225px\" \/><img loading=\"lazy\" decoding=\"async\" class=\"alignnone  wp-image-2049\" src=\"https:\/\/coletivoamarelo.com\/wp-content\/uploads\/2023\/05\/3F7855CC-3523-4AD1-A7B1-454F4D4E283E-0BDDF04A-BFFA-4A2C-8BDD-EB58793CEDDB_480x480-225x300.jpg\" alt=\"\" width=\"239\" height=\"319\" srcset=\"https:\/\/coletivoamarelo.com\/wp-content\/uploads\/2023\/05\/3F7855CC-3523-4AD1-A7B1-454F4D4E283E-0BDDF04A-BFFA-4A2C-8BDD-EB58793CEDDB_480x480-225x300.jpg 225w, https:\/\/coletivoamarelo.com\/wp-content\/uploads\/2023\/05\/3F7855CC-3523-4AD1-A7B1-454F4D4E283E-0BDDF04A-BFFA-4A2C-8BDD-EB58793CEDDB_480x480-9x12.jpg 9w, https:\/\/coletivoamarelo.com\/wp-content\/uploads\/2023\/05\/3F7855CC-3523-4AD1-A7B1-454F4D4E283E-0BDDF04A-BFFA-4A2C-8BDD-EB58793CEDDB_480x480.jpg 360w\" sizes=\"(max-width: 239px) 100vw, 239px\" \/><\/p>\n<p>Ces repr\u00e9sentations auraient d\u00fb me mettre mal \u00e0 l&#039;aise, mais elles m&#039;ont fait sentir le bienvenu. Tous mes fant\u00f4mes ne sont plus personnels. Nous vivons dans un cauchemar collectif.<\/p>\n<p>Et la seule issue est de cr\u00e9er un sentiment de communaut\u00e9.<\/p>\n<p>Les pi\u00e8ces grandes et massives, fabriqu\u00e9es par de nombreuses mains, renforcent l\u2019id\u00e9e que la seule chance de succ\u00e8s viendra du travail d\u2019\u00e9quipe. Telle une \u00e9quipe sportive sur un bateau de r\u00e9fugi\u00e9s, notre force r\u00e9side dans le collectif. La libert\u00e9 n\u2019existe r\u00e9ellement que lorsque chacun est libre. Il n\u2019y a pas d\u2019autre issue.<\/p>\n<p>En plus de montrer et de d\u00e9peindre nos maux, Weiwei nous invite \u00e0 agir et \u00e0 r\u00e9fl\u00e9chir.<\/p>\n<p><img loading=\"lazy\" decoding=\"async\" class=\"size-medium wp-image-2050 alignleft\" src=\"https:\/\/coletivoamarelo.com\/wp-content\/uploads\/2023\/05\/9E898AA6-36BA-4EF0-9CFD-3D3AD896588B-8AF3BBE0-3132-44B1-AE79-70A5F28BA191_480x480-225x300.webp\" alt=\"\" width=\"225\" height=\"300\" srcset=\"https:\/\/coletivoamarelo.com\/wp-content\/uploads\/2023\/05\/9E898AA6-36BA-4EF0-9CFD-3D3AD896588B-8AF3BBE0-3132-44B1-AE79-70A5F28BA191_480x480-225x300.webp 225w, https:\/\/coletivoamarelo.com\/wp-content\/uploads\/2023\/05\/9E898AA6-36BA-4EF0-9CFD-3D3AD896588B-8AF3BBE0-3132-44B1-AE79-70A5F28BA191_480x480-9x12.webp 9w, https:\/\/coletivoamarelo.com\/wp-content\/uploads\/2023\/05\/9E898AA6-36BA-4EF0-9CFD-3D3AD896588B-8AF3BBE0-3132-44B1-AE79-70A5F28BA191_480x480.webp 360w\" sizes=\"(max-width: 225px) 100vw, 225px\" \/><\/p>\n<p><img loading=\"lazy\" decoding=\"async\" class=\"alignnone size-medium wp-image-2051\" src=\"https:\/\/coletivoamarelo.com\/wp-content\/uploads\/2023\/05\/E350CBD7-C93E-42B9-9CBE-B7FC278D62A2-2B0D0DD3-2C4B-4F15-88AD-CD8110C09DDA_480x480-300x225.webp\" alt=\"\" width=\"300\" height=\"225\" srcset=\"https:\/\/coletivoamarelo.com\/wp-content\/uploads\/2023\/05\/E350CBD7-C93E-42B9-9CBE-B7FC278D62A2-2B0D0DD3-2C4B-4F15-88AD-CD8110C09DDA_480x480-300x225.webp 300w, https:\/\/coletivoamarelo.com\/wp-content\/uploads\/2023\/05\/E350CBD7-C93E-42B9-9CBE-B7FC278D62A2-2B0D0DD3-2C4B-4F15-88AD-CD8110C09DDA_480x480-16x12.webp 16w, https:\/\/coletivoamarelo.com\/wp-content\/uploads\/2023\/05\/E350CBD7-C93E-42B9-9CBE-B7FC278D62A2-2B0D0DD3-2C4B-4F15-88AD-CD8110C09DDA_480x480.webp 480w\" sizes=\"(max-width: 300px) 100vw, 300px\" \/><\/p>\n<p>&nbsp;<\/p>\n<p>L\u2019art et la vie sont indissociables, m\u00eame si de nombreux critiques \u00e0 travers l\u2019histoire affirment le contraire. Vivre est un acte politique et donc l&#039;art est toujours politique.<\/p>\n<p>Il n&#039;y a pas d&#039;autre moyen.<\/p>\n<p>Inclusion. Collectivit\u00e9. Libert\u00e9.<\/p>\n<p>Oui, tout est politique !<\/p>\n<p>Quelle chance avons-nous de vivre dans un monde o\u00f9 Ai Weiwei existe.<\/p>\n<p><img loading=\"lazy\" decoding=\"async\" class=\"alignnone size-medium wp-image-2052\" src=\"https:\/\/coletivoamarelo.com\/wp-content\/uploads\/2023\/05\/80237B5B-3D71-4C8E-A835-99C9656B97CE-276E5B32-38AF-4D81-A616-2FF401FB4D20_480x480-225x300.webp\" alt=\"\" width=\"225\" height=\"300\" srcset=\"https:\/\/coletivoamarelo.com\/wp-content\/uploads\/2023\/05\/80237B5B-3D71-4C8E-A835-99C9656B97CE-276E5B32-38AF-4D81-A616-2FF401FB4D20_480x480-225x300.webp 225w, https:\/\/coletivoamarelo.com\/wp-content\/uploads\/2023\/05\/80237B5B-3D71-4C8E-A835-99C9656B97CE-276E5B32-38AF-4D81-A616-2FF401FB4D20_480x480-9x12.webp 9w, https:\/\/coletivoamarelo.com\/wp-content\/uploads\/2023\/05\/80237B5B-3D71-4C8E-A835-99C9656B97CE-276E5B32-38AF-4D81-A616-2FF401FB4D20_480x480.webp 360w\" sizes=\"(max-width: 225px) 100vw, 225px\" \/><\/p>\n<p>L&#039;exposition sera ouverte jusqu&#039;au 28 novembre 2021.<\/p>","protected":false},"excerpt":{"rendered":"<p>Inclusiva. Se tivesse de escolher apenas uma palavra para descrever a exposi\u00e7\u00e3o Rapture de Ai Weiwei na Cordoaria Nacional, escolheria esta: inclusiva. Sim, estamos todos chateados, estamos mentalmente e fisicamente doentes. Estamos exaustos, sem esperan\u00e7a, praticamente naufragados no meio de acontecimentos e not\u00edcias quotidianas que se agravaram mal, ou que v\u00e3o muito mal, como diriam [&hellip;]<\/p>\n","protected":false},"author":5,"featured_media":2046,"comment_status":"open","ping_status":"open","sticky":false,"template":"","format":"standard","meta":{"_et_pb_use_builder":"","_et_pb_old_content":"","_et_gb_content_width":"","_jetpack_memberships_contains_paid_content":false,"footnotes":""},"categories":[68],"tags":[],"class_list":["post-2044","post","type-post","status-publish","format-standard","has-post-thumbnail","hentry","category-artigo"],"acf":[],"jetpack_featured_media_url":"https:\/\/coletivoamarelo.com\/wp-content\/uploads\/2023\/05\/aiweiwei-scaled.jpg","yoast_head":"<!-- This site is optimized with the Yoast SEO Premium plugin v15.3 - https:\/\/yoast.com\/wordpress\/plugins\/seo\/ -->\n<title>Exposi\u00e7\u00e3o &quot;Rapture&quot;, por Ai Weiwei &mdash; Coletivo Amarelo<\/title>\n<meta name=\"robots\" content=\"index, follow, max-snippet:-1, max-image-preview:large, max-video-preview:-1\" \/>\n<link rel=\"canonical\" href=\"https:\/\/coletivoamarelo.com\/fr\/exposicao-rapture-por-ai-weiwei\/\" \/>\n<meta property=\"og:locale\" content=\"fr_FR\" \/>\n<meta property=\"og:type\" content=\"article\" \/>\n<meta property=\"og:title\" content=\"Exposi\u00e7\u00e3o &quot;Rapture&quot;, por Ai Weiwei &mdash; Coletivo Amarelo\" \/>\n<meta property=\"og:description\" content=\"Inclusiva. Se tivesse de escolher apenas uma palavra para descrever a exposi\u00e7\u00e3o Rapture de Ai Weiwei na Cordoaria Nacional, escolheria esta: inclusiva. Sim, estamos todos chateados, estamos mentalmente e fisicamente doentes. Estamos exaustos, sem esperan\u00e7a, praticamente naufragados no meio de acontecimentos e not\u00edcias quotidianas que se agravaram mal, ou que v\u00e3o muito mal, como diriam [&hellip;]\" \/>\n<meta property=\"og:url\" content=\"https:\/\/coletivoamarelo.com\/fr\/exposicao-rapture-por-ai-weiwei\/\" \/>\n<meta property=\"og:site_name\" content=\"Coletivo Amarelo\" \/>\n<meta property=\"article:published_time\" content=\"2021-07-06T14:34:40+00:00\" \/>\n<meta property=\"article:modified_time\" content=\"2023-05-10T14:37:45+00:00\" \/>\n<meta property=\"og:image\" content=\"https:\/\/coletivoamarelo.com\/wp-content\/uploads\/2023\/05\/aiweiwei-scaled.jpg\" \/>\n\t<meta property=\"og:image:width\" content=\"2560\" \/>\n\t<meta property=\"og:image:height\" content=\"1235\" \/>\n<meta name=\"twitter:card\" content=\"summary_large_image\" \/>\n<meta name=\"twitter:label1\" content=\"\u00c9crit par\">\n\t<meta name=\"twitter:data1\" content=\"Gabriela Albuquerque\">\n\t<meta name=\"twitter:label2\" content=\"Dur\u00e9e de lecture estim\u00e9e\">\n\t<meta name=\"twitter:data2\" content=\"1 minute\">\n<script type=\"application\/ld+json\" class=\"yoast-schema-graph\">{\"@context\":\"https:\/\/schema.org\",\"@graph\":[{\"@type\":\"Organization\",\"@id\":\"https:\/\/coletivoamarelo.com\/#organization\",\"name\":\"Coletivo Amarelo\",\"url\":\"https:\/\/coletivoamarelo.com\/\",\"sameAs\":[],\"logo\":{\"@type\":\"ImageObject\",\"@id\":\"https:\/\/coletivoamarelo.com\/#logo\",\"inLanguage\":\"fr-FR\",\"url\":\"https:\/\/coletivoamarelo.com\/wp-content\/uploads\/2023\/01\/coletivo-amarelo-logo-04.svg\",\"caption\":\"Coletivo Amarelo\"},\"image\":{\"@id\":\"https:\/\/coletivoamarelo.com\/#logo\"}},{\"@type\":\"WebSite\",\"@id\":\"https:\/\/coletivoamarelo.com\/#website\",\"url\":\"https:\/\/coletivoamarelo.com\/\",\"name\":\"Coletivo Amarelo\",\"description\":\"\",\"publisher\":{\"@id\":\"https:\/\/coletivoamarelo.com\/#organization\"},\"potentialAction\":[{\"@type\":\"SearchAction\",\"target\":\"https:\/\/coletivoamarelo.com\/?s={search_term_string}\",\"query-input\":\"required name=search_term_string\"}],\"inLanguage\":\"fr-FR\"},{\"@type\":\"ImageObject\",\"@id\":\"https:\/\/coletivoamarelo.com\/nl\/exposicao-rapture-por-ai-weiwei\/#primaryimage\",\"inLanguage\":\"fr-FR\",\"url\":\"https:\/\/coletivoamarelo.com\/wp-content\/uploads\/2023\/05\/aiweiwei-scaled.jpg\",\"width\":2560,\"height\":1235},{\"@type\":\"WebPage\",\"@id\":\"https:\/\/coletivoamarelo.com\/nl\/exposicao-rapture-por-ai-weiwei\/#webpage\",\"url\":\"https:\/\/coletivoamarelo.com\/nl\/exposicao-rapture-por-ai-weiwei\/\",\"name\":\"Exposi\\u00e7\\u00e3o \\\"Rapture\\\", por Ai Weiwei &mdash; Coletivo Amarelo\",\"isPartOf\":{\"@id\":\"https:\/\/coletivoamarelo.com\/#website\"},\"primaryImageOfPage\":{\"@id\":\"https:\/\/coletivoamarelo.com\/nl\/exposicao-rapture-por-ai-weiwei\/#primaryimage\"},\"datePublished\":\"2021-07-06T14:34:40+00:00\",\"dateModified\":\"2023-05-10T14:37:45+00:00\",\"breadcrumb\":{\"@id\":\"https:\/\/coletivoamarelo.com\/nl\/exposicao-rapture-por-ai-weiwei\/#breadcrumb\"},\"inLanguage\":\"fr-FR\",\"potentialAction\":[{\"@type\":\"ReadAction\",\"target\":[\"https:\/\/coletivoamarelo.com\/nl\/exposicao-rapture-por-ai-weiwei\/\"]}]},{\"@type\":\"BreadcrumbList\",\"@id\":\"https:\/\/coletivoamarelo.com\/nl\/exposicao-rapture-por-ai-weiwei\/#breadcrumb\",\"itemListElement\":[{\"@type\":\"ListItem\",\"position\":1,\"item\":{\"@type\":\"WebPage\",\"@id\":\"https:\/\/coletivoamarelo.com\/\",\"url\":\"https:\/\/coletivoamarelo.com\/\",\"name\":\"Home\"}},{\"@type\":\"ListItem\",\"position\":2,\"item\":{\"@type\":\"WebPage\",\"@id\":\"https:\/\/coletivoamarelo.com\/nl\/exposicao-rapture-por-ai-weiwei\/\",\"url\":\"https:\/\/coletivoamarelo.com\/nl\/exposicao-rapture-por-ai-weiwei\/\",\"name\":\"Exposi\\u00e7\\u00e3o &#8220;Rapture&#8221;, por Ai Weiwei\"}}]},{\"@type\":\"Article\",\"@id\":\"https:\/\/coletivoamarelo.com\/nl\/exposicao-rapture-por-ai-weiwei\/#article\",\"isPartOf\":{\"@id\":\"https:\/\/coletivoamarelo.com\/nl\/exposicao-rapture-por-ai-weiwei\/#webpage\"},\"author\":{\"@id\":\"https:\/\/coletivoamarelo.com\/#\/schema\/person\/3bfd7d0ee1f6fe5992a06a58531e50e4\"},\"headline\":\"Exposi\\u00e7\\u00e3o &#8220;Rapture&#8221;, por Ai Weiwei\",\"datePublished\":\"2021-07-06T14:34:40+00:00\",\"dateModified\":\"2023-05-10T14:37:45+00:00\",\"mainEntityOfPage\":{\"@id\":\"https:\/\/coletivoamarelo.com\/nl\/exposicao-rapture-por-ai-weiwei\/#webpage\"},\"commentCount\":0,\"publisher\":{\"@id\":\"https:\/\/coletivoamarelo.com\/#organization\"},\"image\":{\"@id\":\"https:\/\/coletivoamarelo.com\/nl\/exposicao-rapture-por-ai-weiwei\/#primaryimage\"},\"articleSection\":\"Artigo\",\"inLanguage\":\"fr-FR\",\"potentialAction\":[{\"@type\":\"CommentAction\",\"name\":\"Comment\",\"target\":[\"https:\/\/coletivoamarelo.com\/nl\/exposicao-rapture-por-ai-weiwei\/#respond\"]}]},{\"@type\":\"Person\",\"@id\":\"https:\/\/coletivoamarelo.com\/#\/schema\/person\/3bfd7d0ee1f6fe5992a06a58531e50e4\",\"name\":\"Gabriela Albuquerque\",\"image\":{\"@type\":\"ImageObject\",\"@id\":\"https:\/\/coletivoamarelo.com\/#personlogo\",\"inLanguage\":\"fr-FR\",\"url\":\"https:\/\/secure.gravatar.com\/avatar\/db7ff6a5340ff99631b7e8a449112e78f15d34d4edaca4a54e58c69b7aaeabaa?s=96&d=mm&r=g\",\"caption\":\"Gabriela Albuquerque\"}}]}<\/script>\n<!-- \/ Yoast SEO Premium plugin. -->","jetpack_sharing_enabled":true,"_links":{"self":[{"href":"https:\/\/coletivoamarelo.com\/fr\/wp-json\/wp\/v2\/posts\/2044","targetHints":{"allow":["GET"]}}],"collection":[{"href":"https:\/\/coletivoamarelo.com\/fr\/wp-json\/wp\/v2\/posts"}],"about":[{"href":"https:\/\/coletivoamarelo.com\/fr\/wp-json\/wp\/v2\/types\/post"}],"author":[{"embeddable":true,"href":"https:\/\/coletivoamarelo.com\/fr\/wp-json\/wp\/v2\/users\/5"}],"replies":[{"embeddable":true,"href":"https:\/\/coletivoamarelo.com\/fr\/wp-json\/wp\/v2\/comments?post=2044"}],"version-history":[{"count":0,"href":"https:\/\/coletivoamarelo.com\/fr\/wp-json\/wp\/v2\/posts\/2044\/revisions"}],"wp:featuredmedia":[{"embeddable":true,"href":"https:\/\/coletivoamarelo.com\/fr\/wp-json\/wp\/v2\/media\/2046"}],"wp:attachment":[{"href":"https:\/\/coletivoamarelo.com\/fr\/wp-json\/wp\/v2\/media?parent=2044"}],"wp:term":[{"taxonomy":"category","embeddable":true,"href":"https:\/\/coletivoamarelo.com\/fr\/wp-json\/wp\/v2\/categories?post=2044"},{"taxonomy":"post_tag","embeddable":true,"href":"https:\/\/coletivoamarelo.com\/fr\/wp-json\/wp\/v2\/tags?post=2044"}],"curies":[{"name":"wp","href":"https:\/\/api.w.org\/{rel}","templated":true}]}}