{"id":1801,"date":"2022-11-22T17:17:03","date_gmt":"2022-11-22T17:17:03","guid":{"rendered":"https:\/\/dev.coletivoamarelo.pt\/?p=1801"},"modified":"2025-08-27T10:33:25","modified_gmt":"2025-08-27T10:33:25","slug":"gianlluca-carneiro-e-a-educacao-artistica-como-um-coletivo","status":"publish","type":"post","link":"https:\/\/coletivoamarelo.com\/fr\/gianlluca-carneiro-e-a-educacao-artistica-como-um-coletivo\/","title":{"rendered":"Gianlluca Carneiro et l&#039;\u00e9ducation artistique en tant que collectif"},"content":{"rendered":"<p>Comment s&#039;initier \u00e0 l&#039;art ? Cette question quelque peu subjective est abord\u00e9e par l&#039;un des artistes les plus r\u00e9cents \u00e0 rejoindre le Coletivo Amarelo, Gianlluca Carneiro. L&#039;artiste et enseignant br\u00e9silien est directement impliqu\u00e9 dans des projets de citoyennet\u00e9 et d&#039;\u00e9thique et, en classe, il a trouv\u00e9 des moyens d&#039;initier ses \u00e9l\u00e8ves \u00e0 la politique \u00e0 travers l&#039;\u00e9ducation par l&#039;art.<\/p>\n<h3><strong>Rencontrez Gianlluca Carneiro et sa vision de l&#039;\u00e9ducation artistique<\/strong><\/h3>\n<p>Dans son portfolio, Gianlluca partage un peu son histoire. N\u00e9 \u00e0 Minas Gerais, au Br\u00e9sil, l&#039;artiste plasticien est \u00e9galement professeur d&#039;histoire au r\u00e9seau municipal de Cariacica, \u00e0 Esp\u00edrito Santo. De plus, Gianlluca est titulaire d&#039;une licence en droit et a \u00e9tudi\u00e9 l&#039;art et l&#039;\u00e9ducation au CEFART de Belo Horizonte.<\/p>\n<p><img loading=\"lazy\" decoding=\"async\" class=\"size-medium wp-image-1345 alignleft\" src=\"https:\/\/coletivoamarelo.com\/wp-content\/uploads\/2023\/04\/Homem-sentado-a-sombra-de-suas-inseguancas-2-de-1_remastered-296x300.jpg\" alt=\"\" width=\"296\" height=\"300\" \/><\/p>\n<p>D\u00e8s son plus jeune \u00e2ge, plus pr\u00e9cis\u00e9ment d\u00e8s l&#039;\u00e2ge de 6 ans, Gianlluca s&#039;est manifest\u00e9 comme artiste \u00e0 travers la peinture. Depuis lors, sa carri\u00e8re s&#039;\u00e9tend sur plus de 20 ans, pr\u00e9sentant son art dans diff\u00e9rentes expositions \u00e0 Minas Gerais, S\u00e3o Paulo et Esp\u00edrito Santo. Sans oublier les publications dans des revues et expositions de renomm\u00e9e nationale et internationale, comme son \u0153uvre \u00ab Humor Azul, Cora\u00e7\u00e3o Azul \u00bb qui a \u00e9t\u00e9 finaliste \u00e0 la Doncaster Art Fair.<\/p>\n<p>Gianlluca Carneiro appelle son univers artistique Cabe\u00e7a Vazia, une pi\u00e8ce de th\u00e9\u00e2tre sur le dicton populaire \u00ab une t\u00eate vide est l&#039;atelier du diable \u00bb. Selon ses propres mots : \u00ab L&#039;important est que cette t\u00eate vide soit pleine et occup\u00e9e \u00e0 produire des \u0153uvres avec des couleurs, des traits et des compositions color\u00e9es et chaotiques, toujours soutenues par une critique des structures politiques et sociales et du mode de vie contemporain \u00bb.<\/p>\n<p>L\u2019artiste contemporain s\u2019inscrit dans les discussions les plus r\u00e9centes pr\u00e9sentes \u00e0 travers le monde. L\u2019un d\u2019eux est l\u2019importance de repenser le syst\u00e8me actuel d\u2019\u00e9ducation artistique.<\/p>\n<p>&nbsp;<\/p>\n<h3><b>documents 15<\/b><\/h3>\n<p>Documenta est l&#039;une des plus grandes expositions d&#039;art contemporain au monde et a lieu tous les cinq ans dans la ville de Kassel, en Allemagne. L&#039;exposition a \u00e9t\u00e9 cr\u00e9\u00e9e en 1955 par Arnold Bode, dans l&#039;Allemagne d&#039;apr\u00e8s-guerre. Une partie de sa motivation venait de la n\u00e9cessit\u00e9 de revenir \u00e0 l&#039;art interdit par le nazisme et de r\u00e9introduire le pays aux derni\u00e8res tendances internationales. Depuis, l&#039;exposition Documenta 15 est devenue une institution majeure dans le monde de l&#039;art.<\/p>\n<p><img loading=\"lazy\" decoding=\"async\" class=\"wp-image-1803 alignright\" src=\"https:\/\/coletivoamarelo.com\/wp-content\/uploads\/2023\/04\/documenta-300x200.jpeg\" alt=\"\" width=\"389\" height=\"259\" \/><\/p>\n<p>En 2022 a eu lieu la 15e \u00e9dition de l&#039;exposition, organis\u00e9e par le collectif ruangrupa de Jakarta, en Indon\u00e9sie. Le collectif a bas\u00e9 Documenta sur les valeurs et les id\u00e9es d&#039;un terme tr\u00e8s courant en Indon\u00e9sie, lumbung, qui signifie quelque chose comme \u00ab grenier \u00e0 riz communautaire \u00bb. L&#039;id\u00e9e d&#039;utiliser ce terme comme mod\u00e8le artistique et \u00e9conomique repose sur des principes tels que la collectivit\u00e9, la construction conjointe des ressources et leur r\u00e9partition \u00e9quitable.<\/p>\n<p>Dans cette \u00e9dition, plusieurs points r\u00e9sonnent et l&#039;un d&#039;eux dialogue directement avec l&#039;art et le positionnement actif de Gianlluca Carneiro, qui est de repenser les structures de l&#039;\u00e9ducation artistique contemporaine. Dans l&#039;exposition, cela se traduit par l&#039;id\u00e9e de collectif et se demande pourquoi nous ne pouvons pas apprendre les uns des autres, brisant les paradigmes, comme la figure d&#039;autorit\u00e9 de l&#039;enseignant ?<\/p>\n<p>Cette id\u00e9e de transformer l&#039;\u00e9ducation s&#039;exprime dans la Documenta 15 \u00e0 travers l&#039;art de *foundationClass, un collectif form\u00e9 en 2016 \u00e0 la Wei\u00dfensee Kunsthochschule Berlin (KHB). Le collectif est apparu comme une plate-forme \u00e9ducative pour l&#039;art et une bo\u00eete \u00e0 outils cr\u00e9\u00e9e pour faciliter la vie des immigrants touch\u00e9s par le racisme en Allemagne.<\/p>\n<p>Pour approfondir ce concept d&#039;\u00e9ducation artistique collective et mieux conna\u00eetre l&#039;artiste, le Coletivo Amarelo a r\u00e9alis\u00e9 un entretien avec Gianlluca Carneiro. Lisez un extrait de notre conversation, que nous avons ouverte par un discours de l&#039;artiste qui f\u00e9d\u00e8re toute cette r\u00e9flexion derri\u00e8re l&#039;\u00e9ducation artistique et ce potentiel inexploit\u00e9.<\/p>\n<p><strong>Gianlluca\u00a0:<\/strong>\u00a0Je vois chez mes \u00e9l\u00e8ves beaucoup de potentiel artistique qui n\u2019est pas vraiment exploit\u00e9 au sein de l\u2019\u00e9cole et moi, en tant qu\u2019enseignant et artiste, j\u2019essaie de leur apporter cela \u00e0 tout moment. Apporter quoi ? Apporter des id\u00e9es pour \u00e9veiller quelque chose en eux, d\u00e9mystifier cette id\u00e9e selon laquelle l&#039;art n&#039;est qu&#039;au mus\u00e9e, alors qu&#039;en fait on fait de l&#039;art tout le temps. Et utilisez-le pour d\u00e9battre de politique<\/p>\n<p><strong>Collectif Jaune\u00a0:<\/strong>\u00a0Y a-t-il des obstacles au sein de l\u2019\u00e9cole pour introduire ces nouveaux mod\u00e8les ? Quelle est la r\u00e9sistance ?<\/p>\n<p><strong>Gianlluca\u00a0:<\/strong>\u00a0Le plus fou dans tout \u00e7a, c&#039;est que je fais partie d&#039;un projet appel\u00e9 Ensina Brasil, destin\u00e9 aux zones de vuln\u00e9rabilit\u00e9 sociale, et par hasard je me suis retrouv\u00e9 dans une \u00e9cole o\u00f9 se trouvent des militaires. Pendant un moment, j&#039;ai pens\u00e9 que ce serait un frein, mais j&#039;arrive \u00e0 approfondir le sujet de la politique, sans discours superficiels et aussi sans partisanerie. Mais faire cela en utilisant l\u2019art rend m\u00eame le processus plus facile au sein de l\u2019\u00e9cole, aussi incroyable que cela puisse para\u00eetre.<\/p>\n<p><img loading=\"lazy\" decoding=\"async\" class=\"wp-image-1324 aligncenter\" src=\"https:\/\/coletivoamarelo.com\/wp-content\/uploads\/2023\/04\/3x4-210x300.jpg\" alt=\"\" width=\"305\" height=\"436\" \/><\/p>\n<p><strong>Collectif Jaune\u00a0:<\/strong>\u00a0La figure de l&#039;enseignant est un lieu de confort, de s\u00e9curit\u00e9, o\u00f9 \u00ab il n&#039;y a pas de questions stupides \u00bb, un espace moins intimidant\u2026 Vous, en tant qu&#039;enseignant, quels conseils donneriez-vous \u00e0 ceux qui veulent se lancer dans l&#039;art, en savoir plus sur l&#039;art, mais vous ne savez pas par o\u00f9 commencer ou peut-\u00eatre vous sentez-vous timide ?<\/p>\n<p><strong>Gianlluca\u00a0:<\/strong>\u00a0Le d\u00e9tachement de l&#039;art vient parfois de langages tr\u00e8s complexes, difficiles pour nous \u00e0 pr\u00e9senter les gens\u2026 Je vais vous donner un exemple de quelque chose qui m&#039;est arriv\u00e9 cette semaine. J&#039;ai organis\u00e9 un concours d&#039;art \u00e0 l&#039;\u00e9cole, j&#039;ai soulign\u00e9 qu&#039;il y aurait un prix, mais que ce n&#039;\u00e9tait pas pour encourager cette comp\u00e9titivit\u00e9 agressive, mais pour stimuler la cr\u00e9ation.<\/p>\n<p>Un de mes \u00e9l\u00e8ves en \u00e9ducation sp\u00e9cialis\u00e9e, il a un \u0153il de verre, une basse vision et il a remport\u00e9 le concours de dessin. C&#039;\u00e9tait un stand \u00e0 l&#039;ext\u00e9rieur, son sourire \u00e9tait quelque chose d&#039;incroyable. Une autre \u00e9tudiante, avec une tr\u00e8s faible estime d&#039;elle-m\u00eame, a remport\u00e9 le concours de peinture et elle n&#039;a jamais pu voir ce qu&#039;elle faisait. Il disait toujours que tout ce qu&#039;il faisait \u00e9tait de la merde*\u2026 Cela m&#039;a montr\u00e9 une fois de plus que l&#039;art est ce que nous faisons de la mani\u00e8re la plus authentique possible.<\/p>\n<p>Le chemin pour commencer est certes compliqu\u00e9, mais aujourd&#039;hui nous avons tellement de nouvelles formes, des collectifs comme le Coletivo Amarelo, des propositions alternatives, des lieux qui nous re\u00e7oivent plus ouvertement et qui nous encouragent \u00e0 faire des choses. C&#039;est pour ceux qui commencent \u00e0 faire de l&#039;art, \u00e0 consommer, \u00e0 en vivre. Aussi banal que cela puisse para\u00eetre, le secret est de s&#039;y jeter \u00e0 fond.<\/p>\n<p><img loading=\"lazy\" decoding=\"async\" class=\"wp-image-1349 alignleft\" src=\"https:\/\/coletivoamarelo.com\/wp-content\/uploads\/2023\/04\/Corpos-dancantes.png\" alt=\"\" width=\"476\" height=\"386\" srcset=\"https:\/\/coletivoamarelo.com\/wp-content\/uploads\/2023\/04\/Corpos-dancantes.png 296w, https:\/\/coletivoamarelo.com\/wp-content\/uploads\/2023\/04\/Corpos-dancantes-15x12.png 15w\" sizes=\"(max-width: 476px) 100vw, 476px\" \/><\/p>\n<p><strong>Collectif Jaune\u00a0:<\/strong>\u00a0Ce que vous avez dit sur l\u2019acc\u00e8s actuel \u00e0 tant d\u2019outils et d\u2019informations fait parfois peur aussi. Parce que peut-\u00eatre que \u00e7a rend un peu la personne sans savoir par o\u00f9 commencer ou sans comprendre o\u00f9 elle s&#039;inscrit dans tout \u00e7a... Et on finit par oublier que la cr\u00e9ation artistique est un processus qui prend du temps, qu&#039;il faut du temps, un temps vraiment lent. digestion. Le processus de l&#039;artiste consistant \u00e0 se reclus l\u00e0-bas, \u00e0 \u00ab attendre que quelque chose \u00bb se produise, est parfois extr\u00eamement solitaire et tr\u00e8s d\u00e9routant.<\/p>\n<p><strong>Gianlluca\u00a0:<\/strong>\u00a0C&#039;est un processus qui prend beaucoup de temps. Et nous ne le faisons pas pour une galerie, nous le faisons parce que cela doit \u00eatre fait. Je suis un peu folle\u2026 J&#039;ai mon carnet de croquis, mes gribouillages\u2026 et les id\u00e9es viennent, les couleurs, les formes, et \u00e0 partir d&#039;elles j&#039;exp\u00e9rimente. La plupart du temps, cela n\u2019arrive pas l\u00e0 o\u00f9 je le souhaite. Il y a des couches qui s&#039;accumulent et, je n&#039;ai pas peur, je ne planifie pas trop, je suis plut\u00f4t une personne d&#039;action.<\/p>\n<p>Des \u0153uvres exclusives de Gianlluca sont disponibles dans notre boutique, d\u00e9couvrez-les !<\/p>","protected":false},"excerpt":{"rendered":"<p>Como aprender sobre arte? Essa quest\u00e3o um tanto quanto subjetiva \u00e9 trabalhada por um dos mais novos artistas a se juntar ao Coletivo Amarelo, o Gianlluca Carneiro. O artista e professor brasileiro est\u00e1 diretamente envolvido com projetos de cidadania e \u00e9tica, e dentro da sala de aula, ele encontrou maneiras de introduzir aos seus alunos [&hellip;]<\/p>\n","protected":false},"author":3,"featured_media":1744,"comment_status":"closed","ping_status":"open","sticky":false,"template":"","format":"standard","meta":{"_et_pb_use_builder":"","_et_pb_old_content":"","_et_gb_content_width":"","_jetpack_memberships_contains_paid_content":false,"footnotes":""},"categories":[67],"tags":[53],"class_list":["post-1801","post","type-post","status-publish","format-standard","has-post-thumbnail","hentry","category-novo-artista","tag-arte-brasileira"],"acf":[],"jetpack_featured_media_url":"https:\/\/coletivoamarelo.com\/wp-content\/uploads\/2023\/04\/GCARPAINT005.jpg","yoast_head":"<!-- This site is optimized with the Yoast SEO Premium plugin v15.3 - https:\/\/yoast.com\/wordpress\/plugins\/seo\/ -->\n<title>Gianlluca Carneiro e a educa\u00e7\u00e3o art\u00edstica como um coletivo &mdash; Coletivo Amarelo<\/title>\n<meta name=\"robots\" content=\"index, follow, max-snippet:-1, max-image-preview:large, max-video-preview:-1\" \/>\n<link rel=\"canonical\" href=\"https:\/\/coletivoamarelo.com\/fr\/gianlluca-carneiro-e-a-educacao-artistica-como-um-coletivo\/\" \/>\n<meta property=\"og:locale\" content=\"fr_FR\" \/>\n<meta property=\"og:type\" content=\"article\" \/>\n<meta property=\"og:title\" content=\"Gianlluca Carneiro e a educa\u00e7\u00e3o art\u00edstica como um coletivo &mdash; Coletivo Amarelo\" \/>\n<meta property=\"og:description\" content=\"Como aprender sobre arte? Essa quest\u00e3o um tanto quanto subjetiva \u00e9 trabalhada por um dos mais novos artistas a se juntar ao Coletivo Amarelo, o Gianlluca Carneiro. O artista e professor brasileiro est\u00e1 diretamente envolvido com projetos de cidadania e \u00e9tica, e dentro da sala de aula, ele encontrou maneiras de introduzir aos seus alunos [&hellip;]\" \/>\n<meta property=\"og:url\" content=\"https:\/\/coletivoamarelo.com\/fr\/gianlluca-carneiro-e-a-educacao-artistica-como-um-coletivo\/\" \/>\n<meta property=\"og:site_name\" content=\"Coletivo Amarelo\" \/>\n<meta property=\"article:published_time\" content=\"2022-11-22T17:17:03+00:00\" \/>\n<meta property=\"article:modified_time\" content=\"2025-08-27T10:33:25+00:00\" \/>\n<meta property=\"og:image\" content=\"https:\/\/coletivoamarelo.com\/wp-content\/uploads\/2023\/04\/GCARPAINT005.jpg\" \/>\n\t<meta property=\"og:image:width\" content=\"1076\" \/>\n\t<meta property=\"og:image:height\" content=\"874\" \/>\n<meta name=\"twitter:card\" content=\"summary_large_image\" \/>\n<meta name=\"twitter:label1\" content=\"\u00c9crit par\">\n\t<meta name=\"twitter:data1\" content=\"Stephanie Wruck\">\n\t<meta name=\"twitter:label2\" content=\"Dur\u00e9e de lecture estim\u00e9e\">\n\t<meta name=\"twitter:data2\" content=\"5 minutes\">\n<script type=\"application\/ld+json\" class=\"yoast-schema-graph\">{\"@context\":\"https:\/\/schema.org\",\"@graph\":[{\"@type\":\"Organization\",\"@id\":\"https:\/\/coletivoamarelo.com\/#organization\",\"name\":\"Coletivo Amarelo\",\"url\":\"https:\/\/coletivoamarelo.com\/\",\"sameAs\":[],\"logo\":{\"@type\":\"ImageObject\",\"@id\":\"https:\/\/coletivoamarelo.com\/#logo\",\"inLanguage\":\"fr-FR\",\"url\":\"https:\/\/coletivoamarelo.com\/wp-content\/uploads\/2023\/01\/coletivo-amarelo-logo-04.svg\",\"caption\":\"Coletivo Amarelo\"},\"image\":{\"@id\":\"https:\/\/coletivoamarelo.com\/#logo\"}},{\"@type\":\"WebSite\",\"@id\":\"https:\/\/coletivoamarelo.com\/#website\",\"url\":\"https:\/\/coletivoamarelo.com\/\",\"name\":\"Coletivo Amarelo\",\"description\":\"\",\"publisher\":{\"@id\":\"https:\/\/coletivoamarelo.com\/#organization\"},\"potentialAction\":[{\"@type\":\"SearchAction\",\"target\":\"https:\/\/coletivoamarelo.com\/?s={search_term_string}\",\"query-input\":\"required name=search_term_string\"}],\"inLanguage\":\"fr-FR\"},{\"@type\":\"ImageObject\",\"@id\":\"https:\/\/coletivoamarelo.com\/gianlluca-carneiro-e-a-educacao-artistica-como-um-coletivo\/#primaryimage\",\"inLanguage\":\"fr-FR\",\"url\":\"https:\/\/coletivoamarelo.com\/wp-content\/uploads\/2023\/04\/GCARPAINT005.jpg\",\"width\":1076,\"height\":874,\"caption\":\"Corpos Dancantes\"},{\"@type\":\"WebPage\",\"@id\":\"https:\/\/coletivoamarelo.com\/gianlluca-carneiro-e-a-educacao-artistica-como-um-coletivo\/#webpage\",\"url\":\"https:\/\/coletivoamarelo.com\/gianlluca-carneiro-e-a-educacao-artistica-como-um-coletivo\/\",\"name\":\"Gianlluca Carneiro e a educa\\u00e7\\u00e3o art\\u00edstica como um coletivo &mdash; Coletivo Amarelo\",\"isPartOf\":{\"@id\":\"https:\/\/coletivoamarelo.com\/#website\"},\"primaryImageOfPage\":{\"@id\":\"https:\/\/coletivoamarelo.com\/gianlluca-carneiro-e-a-educacao-artistica-como-um-coletivo\/#primaryimage\"},\"datePublished\":\"2022-11-22T17:17:03+00:00\",\"dateModified\":\"2025-08-27T10:33:25+00:00\",\"breadcrumb\":{\"@id\":\"https:\/\/coletivoamarelo.com\/gianlluca-carneiro-e-a-educacao-artistica-como-um-coletivo\/#breadcrumb\"},\"inLanguage\":\"fr-FR\",\"potentialAction\":[{\"@type\":\"ReadAction\",\"target\":[\"https:\/\/coletivoamarelo.com\/gianlluca-carneiro-e-a-educacao-artistica-como-um-coletivo\/\"]}]},{\"@type\":\"BreadcrumbList\",\"@id\":\"https:\/\/coletivoamarelo.com\/gianlluca-carneiro-e-a-educacao-artistica-como-um-coletivo\/#breadcrumb\",\"itemListElement\":[{\"@type\":\"ListItem\",\"position\":1,\"item\":{\"@type\":\"WebPage\",\"@id\":\"https:\/\/coletivoamarelo.com\/\",\"url\":\"https:\/\/coletivoamarelo.com\/\",\"name\":\"Home\"}},{\"@type\":\"ListItem\",\"position\":2,\"item\":{\"@type\":\"WebPage\",\"@id\":\"https:\/\/coletivoamarelo.com\/gianlluca-carneiro-e-a-educacao-artistica-como-um-coletivo\/\",\"url\":\"https:\/\/coletivoamarelo.com\/gianlluca-carneiro-e-a-educacao-artistica-como-um-coletivo\/\",\"name\":\"Gianlluca Carneiro e a educa\\u00e7\\u00e3o art\\u00edstica como um coletivo\"}}]},{\"@type\":\"Article\",\"@id\":\"https:\/\/coletivoamarelo.com\/gianlluca-carneiro-e-a-educacao-artistica-como-um-coletivo\/#article\",\"isPartOf\":{\"@id\":\"https:\/\/coletivoamarelo.com\/gianlluca-carneiro-e-a-educacao-artistica-como-um-coletivo\/#webpage\"},\"author\":{\"@id\":\"https:\/\/coletivoamarelo.com\/#\/schema\/person\/0fbc30ce6db539a3d395008a59443aea\"},\"headline\":\"Gianlluca Carneiro e a educa\\u00e7\\u00e3o art\\u00edstica como um coletivo\",\"datePublished\":\"2022-11-22T17:17:03+00:00\",\"dateModified\":\"2025-08-27T10:33:25+00:00\",\"mainEntityOfPage\":{\"@id\":\"https:\/\/coletivoamarelo.com\/gianlluca-carneiro-e-a-educacao-artistica-como-um-coletivo\/#webpage\"},\"publisher\":{\"@id\":\"https:\/\/coletivoamarelo.com\/#organization\"},\"image\":{\"@id\":\"https:\/\/coletivoamarelo.com\/gianlluca-carneiro-e-a-educacao-artistica-como-um-coletivo\/#primaryimage\"},\"keywords\":\"arte brasileira\",\"articleSection\":\"Novo artista\",\"inLanguage\":\"fr-FR\"},{\"@type\":\"Person\",\"@id\":\"https:\/\/coletivoamarelo.com\/#\/schema\/person\/0fbc30ce6db539a3d395008a59443aea\",\"name\":\"Stephanie Wruck\",\"image\":{\"@type\":\"ImageObject\",\"@id\":\"https:\/\/coletivoamarelo.com\/#personlogo\",\"inLanguage\":\"fr-FR\",\"url\":\"https:\/\/secure.gravatar.com\/avatar\/419b60e2d015a80726e5002c4546d205b24df0d35397b43cdc35aebccc044352?s=96&d=mm&r=g\",\"caption\":\"Stephanie Wruck\"}}]}<\/script>\n<!-- \/ Yoast SEO Premium plugin. -->","jetpack_sharing_enabled":true,"_links":{"self":[{"href":"https:\/\/coletivoamarelo.com\/fr\/wp-json\/wp\/v2\/posts\/1801","targetHints":{"allow":["GET"]}}],"collection":[{"href":"https:\/\/coletivoamarelo.com\/fr\/wp-json\/wp\/v2\/posts"}],"about":[{"href":"https:\/\/coletivoamarelo.com\/fr\/wp-json\/wp\/v2\/types\/post"}],"author":[{"embeddable":true,"href":"https:\/\/coletivoamarelo.com\/fr\/wp-json\/wp\/v2\/users\/3"}],"replies":[{"embeddable":true,"href":"https:\/\/coletivoamarelo.com\/fr\/wp-json\/wp\/v2\/comments?post=1801"}],"version-history":[{"count":1,"href":"https:\/\/coletivoamarelo.com\/fr\/wp-json\/wp\/v2\/posts\/1801\/revisions"}],"predecessor-version":[{"id":4509,"href":"https:\/\/coletivoamarelo.com\/fr\/wp-json\/wp\/v2\/posts\/1801\/revisions\/4509"}],"wp:featuredmedia":[{"embeddable":true,"href":"https:\/\/coletivoamarelo.com\/fr\/wp-json\/wp\/v2\/media\/1744"}],"wp:attachment":[{"href":"https:\/\/coletivoamarelo.com\/fr\/wp-json\/wp\/v2\/media?parent=1801"}],"wp:term":[{"taxonomy":"category","embeddable":true,"href":"https:\/\/coletivoamarelo.com\/fr\/wp-json\/wp\/v2\/categories?post=1801"},{"taxonomy":"post_tag","embeddable":true,"href":"https:\/\/coletivoamarelo.com\/fr\/wp-json\/wp\/v2\/tags?post=1801"}],"curies":[{"name":"wp","href":"https:\/\/api.w.org\/{rel}","templated":true}]}}