{"id":2054,"date":"2021-04-30T14:47:02","date_gmt":"2021-04-30T14:47:02","guid":{"rendered":"https:\/\/dev.coletivoamarelo.pt\/?p=2054"},"modified":"2023-05-10T14:47:30","modified_gmt":"2023-05-10T14:47:30","slug":"eduardo-politzer","status":"publish","type":"post","link":"https:\/\/coletivoamarelo.com\/es\/eduardo-politzer\/","title":{"rendered":"eduardo politzer"},"content":{"rendered":"<p>Eduardo Politzer es un dise\u00f1ador de sonido y artista brasile\u00f1o de R\u00edo de Janeiro y hoy le hablamos de su obra digital \u201cLabirinto\u201d.<\/p>\n<p>Esta es una invitaci\u00f3n a ponerse los auriculares, perderse, reencontrarse y, con suerte, so\u00f1ar. Politzer cre\u00f3 un nuevo espacio digital lleno de sonidos, recuerdos, sue\u00f1os, poemas y pensamientos sueltos. A medida que navega por el laberinto, haciendo clic en hiperv\u00ednculos que lo redirigen a diferentes rincones, dibuja su propio camino. A veces, el laberinto puede ser profundamente conmovedor y personal, otras veces puede ser relajante y divertido.<\/p>\n<p>Tuvimos la oportunidad de navegar el laberinto de Eduardo con \u00e9l, haciendo preguntas en el camino. Comparti\u00f3 con nosotros c\u00f3mo fue el proceso de creaci\u00f3n de la obra y lo que aprendi\u00f3 de la experiencia.<\/p>\n<p><iframe loading=\"lazy\" title=\"Explorando el laberinto de Eduardo Politzer\" width=\"1080\" height=\"608\" src=\"https:\/\/www.youtube.com\/embed\/Ixcg0yMPv4U?feature=oembed\"  allow=\"accelerometer; autoplay; clipboard-write; encrypted-media; gyroscope; picture-in-picture; web-share\" allowfullscreen><\/iframe><\/p>\n<p>\u201cPonte los auriculares.<\/p>\n<p>Pi\u00e9rdete, sue\u00f1a.<\/p>\n<p>Cuando te das cuenta que est\u00e1s en un laberinto<\/p>\n<p>es porque has estado all\u00ed durante mucho tiempo.<\/p>\n<p>Pero no te apresures,<\/p>\n<p>Quiz\u00e1s aprendas algo en el camino.<\/p>\n<p>Tal vez encuentres algo valioso,<\/p>\n<p>Tal vez aprendas algo valioso sobre ti mismo,<\/p>\n<p>Tal vez,<\/p>\n<p>Tal vez te despiertes con un sentimiento,<\/p>\n<p>Quiz\u00e1s tu cerebro utilice este tiempo para simular diferentes situaciones.<\/p>\n<p>Descartar lo que tiene poca importancia.<\/p>\n<p>Para prepararse para algo en el futuro.<\/p>\n<p>En este laberinto encontrar\u00e1s personajes y lugares,<\/p>\n<p>Sonido e imagen.<\/p>\n<p>Tiempo y pensamiento.<\/p>\n<p>Metaf\u00edsica y disparates.<\/p>\n<p>Te dir\u00e9 mis sue\u00f1os<\/p>\n<p>Y luego me dices el tuyo.<\/p>\n<p>esto es un adorno<\/p>\n<p>Un collar que colocamos alrededor del cuello del tiempo,<\/p>\n<p>A ver si se doma.<\/p>\n<p>Te invitamos a explorar el laberinto por tu cuenta, visita <a href=\"https:\/\/files.cargocollective.com\/c764348\/labirinto-0.7.html\">aqu\u00ed<\/a>. Hacer clic <a href=\"https:\/\/eduardopolitzer.cargo.site\/\">aqu\u00ed<\/a> para visitar el sitio web de Eduardo. S\u00edguelo en IG: @eduardopolitzer<\/p>","protected":false},"excerpt":{"rendered":"<p>Eduardo Politzer \u00e9 um designer de som e artista brasileiro do Rio de Janeiro e hoje conversamos com ele sobre seu trabalho digital &#8220;Labirinto&#8221;. Este \u00e9 um convite para colocar os fones de ouvido, se perder, se redescobrir e, com sorte, sonhar. Politzer criou um novo espa\u00e7o digital repleto de sons, mem\u00f3rias, sonhos, poemas e [&hellip;]<\/p>\n","protected":false},"author":3,"featured_media":2055,"comment_status":"open","ping_status":"open","sticky":false,"template":"","format":"standard","meta":{"_et_pb_use_builder":"","_et_pb_old_content":"","_et_gb_content_width":"","_jetpack_memberships_contains_paid_content":false,"footnotes":""},"categories":[68],"tags":[],"class_list":["post-2054","post","type-post","status-publish","format-standard","has-post-thumbnail","hentry","category-artigo"],"acf":[],"jetpack_featured_media_url":"https:\/\/coletivoamarelo.com\/wp-content\/uploads\/2023\/05\/eduardopolitzer-scaled.jpg","yoast_head":"<!-- This site is optimized with the Yoast SEO Premium plugin v15.3 - https:\/\/yoast.com\/wordpress\/plugins\/seo\/ -->\n<title>Eduardo Politzer &mdash; Coletivo Amarelo<\/title>\n<meta name=\"robots\" content=\"index, follow, max-snippet:-1, max-image-preview:large, max-video-preview:-1\" \/>\n<link rel=\"canonical\" href=\"http:\/\/coletivoamarelo.com\/es\/eduardo-politzer\/\" \/>\n<meta property=\"og:locale\" content=\"es_ES\" \/>\n<meta property=\"og:type\" content=\"article\" \/>\n<meta property=\"og:title\" content=\"Eduardo Politzer &mdash; Coletivo Amarelo\" \/>\n<meta property=\"og:description\" content=\"Eduardo Politzer \u00e9 um designer de som e artista brasileiro do Rio de Janeiro e hoje conversamos com ele sobre seu trabalho digital &#8220;Labirinto&#8221;. Este \u00e9 um convite para colocar os fones de ouvido, se perder, se redescobrir e, com sorte, sonhar. Politzer criou um novo espa\u00e7o digital repleto de sons, mem\u00f3rias, sonhos, poemas e [&hellip;]\" \/>\n<meta property=\"og:url\" content=\"http:\/\/coletivoamarelo.com\/es\/eduardo-politzer\/\" \/>\n<meta property=\"og:site_name\" content=\"Coletivo Amarelo\" \/>\n<meta property=\"article:published_time\" content=\"2021-04-30T14:47:02+00:00\" \/>\n<meta property=\"article:modified_time\" content=\"2023-05-10T14:47:30+00:00\" \/>\n<meta property=\"og:image\" content=\"https:\/\/coletivoamarelo.com\/wp-content\/uploads\/2023\/05\/eduardopolitzer-scaled.jpg\" \/>\n\t<meta property=\"og:image:width\" content=\"2560\" \/>\n\t<meta property=\"og:image:height\" content=\"1226\" \/>\n<meta name=\"twitter:card\" content=\"summary_large_image\" \/>\n<meta name=\"twitter:label1\" content=\"Escrito por\">\n\t<meta name=\"twitter:data1\" content=\"Stephanie Wruck\">\n\t<meta name=\"twitter:label2\" content=\"Tiempo de lectura\">\n\t<meta name=\"twitter:data2\" content=\"1 minuto\">\n<script type=\"application\/ld+json\" class=\"yoast-schema-graph\">{\"@context\":\"https:\/\/schema.org\",\"@graph\":[{\"@type\":\"Organization\",\"@id\":\"https:\/\/coletivoamarelo.com\/#organization\",\"name\":\"Coletivo Amarelo\",\"url\":\"https:\/\/coletivoamarelo.com\/\",\"sameAs\":[],\"logo\":{\"@type\":\"ImageObject\",\"@id\":\"https:\/\/coletivoamarelo.com\/#logo\",\"inLanguage\":\"es\",\"url\":\"https:\/\/coletivoamarelo.com\/wp-content\/uploads\/2023\/01\/coletivo-amarelo-logo-04.svg\",\"caption\":\"Coletivo Amarelo\"},\"image\":{\"@id\":\"https:\/\/coletivoamarelo.com\/#logo\"}},{\"@type\":\"WebSite\",\"@id\":\"https:\/\/coletivoamarelo.com\/#website\",\"url\":\"https:\/\/coletivoamarelo.com\/\",\"name\":\"Coletivo Amarelo\",\"description\":\"\",\"publisher\":{\"@id\":\"https:\/\/coletivoamarelo.com\/#organization\"},\"potentialAction\":[{\"@type\":\"SearchAction\",\"target\":\"https:\/\/coletivoamarelo.com\/?s={search_term_string}\",\"query-input\":\"required name=search_term_string\"}],\"inLanguage\":\"es\"},{\"@type\":\"ImageObject\",\"@id\":\"http:\/\/coletivoamarelo.com\/nl\/eduardo-politzer\/#primaryimage\",\"inLanguage\":\"es\",\"url\":\"https:\/\/coletivoamarelo.com\/wp-content\/uploads\/2023\/05\/eduardopolitzer-scaled.jpg\",\"width\":2560,\"height\":1226,\"caption\":\"Eduardo Politzer\"},{\"@type\":\"WebPage\",\"@id\":\"http:\/\/coletivoamarelo.com\/nl\/eduardo-politzer\/#webpage\",\"url\":\"http:\/\/coletivoamarelo.com\/nl\/eduardo-politzer\/\",\"name\":\"Eduardo Politzer &mdash; Coletivo Amarelo\",\"isPartOf\":{\"@id\":\"https:\/\/coletivoamarelo.com\/#website\"},\"primaryImageOfPage\":{\"@id\":\"http:\/\/coletivoamarelo.com\/nl\/eduardo-politzer\/#primaryimage\"},\"datePublished\":\"2021-04-30T14:47:02+00:00\",\"dateModified\":\"2023-05-10T14:47:30+00:00\",\"breadcrumb\":{\"@id\":\"http:\/\/coletivoamarelo.com\/nl\/eduardo-politzer\/#breadcrumb\"},\"inLanguage\":\"es\",\"potentialAction\":[{\"@type\":\"ReadAction\",\"target\":[\"http:\/\/coletivoamarelo.com\/nl\/eduardo-politzer\/\"]}]},{\"@type\":\"BreadcrumbList\",\"@id\":\"http:\/\/coletivoamarelo.com\/nl\/eduardo-politzer\/#breadcrumb\",\"itemListElement\":[{\"@type\":\"ListItem\",\"position\":1,\"item\":{\"@type\":\"WebPage\",\"@id\":\"https:\/\/coletivoamarelo.com\/\",\"url\":\"https:\/\/coletivoamarelo.com\/\",\"name\":\"Home\"}},{\"@type\":\"ListItem\",\"position\":2,\"item\":{\"@type\":\"WebPage\",\"@id\":\"http:\/\/coletivoamarelo.com\/nl\/eduardo-politzer\/\",\"url\":\"http:\/\/coletivoamarelo.com\/nl\/eduardo-politzer\/\",\"name\":\"Eduardo Politzer\"}}]},{\"@type\":\"Article\",\"@id\":\"http:\/\/coletivoamarelo.com\/nl\/eduardo-politzer\/#article\",\"isPartOf\":{\"@id\":\"http:\/\/coletivoamarelo.com\/nl\/eduardo-politzer\/#webpage\"},\"author\":{\"@id\":\"https:\/\/coletivoamarelo.com\/#\/schema\/person\/0fbc30ce6db539a3d395008a59443aea\"},\"headline\":\"Eduardo Politzer\",\"datePublished\":\"2021-04-30T14:47:02+00:00\",\"dateModified\":\"2023-05-10T14:47:30+00:00\",\"mainEntityOfPage\":{\"@id\":\"http:\/\/coletivoamarelo.com\/nl\/eduardo-politzer\/#webpage\"},\"commentCount\":0,\"publisher\":{\"@id\":\"https:\/\/coletivoamarelo.com\/#organization\"},\"image\":{\"@id\":\"http:\/\/coletivoamarelo.com\/nl\/eduardo-politzer\/#primaryimage\"},\"articleSection\":\"Artigo\",\"inLanguage\":\"es\",\"potentialAction\":[{\"@type\":\"CommentAction\",\"name\":\"Comment\",\"target\":[\"http:\/\/coletivoamarelo.com\/nl\/eduardo-politzer\/#respond\"]}]},{\"@type\":\"Person\",\"@id\":\"https:\/\/coletivoamarelo.com\/#\/schema\/person\/0fbc30ce6db539a3d395008a59443aea\",\"name\":\"Stephanie Wruck\",\"image\":{\"@type\":\"ImageObject\",\"@id\":\"https:\/\/coletivoamarelo.com\/#personlogo\",\"inLanguage\":\"es\",\"url\":\"https:\/\/secure.gravatar.com\/avatar\/419b60e2d015a80726e5002c4546d205b24df0d35397b43cdc35aebccc044352?s=96&d=mm&r=g\",\"caption\":\"Stephanie Wruck\"}}]}<\/script>\n<!-- \/ Yoast SEO Premium plugin. -->","jetpack_sharing_enabled":true,"_links":{"self":[{"href":"https:\/\/coletivoamarelo.com\/es\/wp-json\/wp\/v2\/posts\/2054","targetHints":{"allow":["GET"]}}],"collection":[{"href":"https:\/\/coletivoamarelo.com\/es\/wp-json\/wp\/v2\/posts"}],"about":[{"href":"https:\/\/coletivoamarelo.com\/es\/wp-json\/wp\/v2\/types\/post"}],"author":[{"embeddable":true,"href":"https:\/\/coletivoamarelo.com\/es\/wp-json\/wp\/v2\/users\/3"}],"replies":[{"embeddable":true,"href":"https:\/\/coletivoamarelo.com\/es\/wp-json\/wp\/v2\/comments?post=2054"}],"version-history":[{"count":0,"href":"https:\/\/coletivoamarelo.com\/es\/wp-json\/wp\/v2\/posts\/2054\/revisions"}],"wp:featuredmedia":[{"embeddable":true,"href":"https:\/\/coletivoamarelo.com\/es\/wp-json\/wp\/v2\/media\/2055"}],"wp:attachment":[{"href":"https:\/\/coletivoamarelo.com\/es\/wp-json\/wp\/v2\/media?parent=2054"}],"wp:term":[{"taxonomy":"category","embeddable":true,"href":"https:\/\/coletivoamarelo.com\/es\/wp-json\/wp\/v2\/categories?post=2054"},{"taxonomy":"post_tag","embeddable":true,"href":"https:\/\/coletivoamarelo.com\/es\/wp-json\/wp\/v2\/tags?post=2054"}],"curies":[{"name":"wp","href":"https:\/\/api.w.org\/{rel}","templated":true}]}}