{"id":2333,"date":"2023-09-08T16:54:03","date_gmt":"2023-09-08T16:54:03","guid":{"rendered":"https:\/\/coletivoamarelo.com\/?p=2333"},"modified":"2025-08-27T10:33:23","modified_gmt":"2025-08-27T10:33:23","slug":"helena-almeida-fotografia-habitada","status":"publish","type":"post","link":"https:\/\/coletivoamarelo.com\/en\/helena-almeida-fotografia-habitada\/","title":{"rendered":"Helena Almeida \u2013 Inhabited photography"},"content":{"rendered":"<p><span style=\"font-weight: 400;\">The renowned Portuguese artist Helena Almeida is on display at the Moreira Salles Institute in S\u00e3o Paulo. Titled &#039;Inhabited photography, anthology by Helena Almeida, 1969-2018&#039;, this is the artist&#039;s first solo exhibition in Brazil. The exhibition is now open to the public and takes place at IMS Paulista until September 24th.<\/span><\/p>\n<p><strong>Helena Almeida: Who is the artist?<\/strong><\/p>\n<p><span style=\"font-weight: 400;\">Helena Almeida was born in Lisbon in 1934, where she lived until her death in September 2018.<\/span><\/p>\n<p><span style=\"font-weight: 400;\">Her journey in art has spanned different formats, from drawing, painting, sculpture and performance. However, it was photography that the artist focused her work. At the end of the 1960s, Helena Almeida began what would mark the rest of her life as an artist, photography, which stood out for its originality and pioneering spirit.<\/span><\/p>\n<p><img loading=\"lazy\" decoding=\"async\" class=\"size-medium wp-image-2334 alignleft\" src=\"http:\/\/coletivoamarelo.com\/wp-content\/uploads\/2023\/09\/helena1-300x300.jpeg\" alt=\"\" width=\"300\" height=\"300\" srcset=\"https:\/\/coletivoamarelo.com\/wp-content\/uploads\/2023\/09\/helena1-300x300.jpeg 300w, https:\/\/coletivoamarelo.com\/wp-content\/uploads\/2023\/09\/helena1-150x150.jpeg 150w, https:\/\/coletivoamarelo.com\/wp-content\/uploads\/2023\/09\/helena1-12x12.jpeg 12w, https:\/\/coletivoamarelo.com\/wp-content\/uploads\/2023\/09\/helena1-100x100.jpeg 100w, https:\/\/coletivoamarelo.com\/wp-content\/uploads\/2023\/09\/helena1.jpeg 433w\" sizes=\"(max-width: 300px) 100vw, 300px\" \/><\/p>\n<p><span style=\"font-weight: 400;\">The artist also experimented with the use of painting in her photographs, creating works that marked her career, such as \u201cPinturas Habitadas\u201d (1975-1977) and \u201cDento de Mim\u201d (2001).<\/span><\/p>\n<p><span style=\"font-weight: 400;\">The artist represented Portugal around the world, twice at the Venice Biennale, in 1982 and in 2005, at the S\u00e3o Paulo Biennale, in 1979 and 2004 at the Sydney Biennale. With this trajectory, Helena Almeida became one of the main Portuguese contemporary artists.<\/span><\/p>\n<p><span style=\"font-weight: 400;\">In recent years, her work has been exhibited in solo exhibitions such as the one taking place at the Moreira Salles Institute in S\u00e3o Paulo.<\/span><\/p>\n<p><span style=\"font-weight: 400;\">Inhabited photography, anthology by Helena Almeida, 1969-2018<\/span><\/p>\n<p><span style=\"font-weight: 400;\">The exhibition Fotografia Habitada, an anthology by Helena Almeida, 1969-2018 will be the renowned Portuguese artist\u2019s first solo exhibition in Brazil. Curated by Isabel Carlos, curator of contemporary art and art historian, the exhibition will present a selection of works based on photography and drawing, created between 1969 and 2018.<\/span><\/p>\n<p><span style=\"font-weight: 400;\">The works address recurring themes in Almeida&#039;s production, such as the interrogation of genres and artistic processes and the self-representation of artists and women.<\/span><\/p>\n<p><span style=\"font-weight: 400;\">In its production, more than an artistic or documentary genre, photography is a conceptual support for the ideas and processes of creation. This subversion of the limits of the definitions of the work of art, in addition to the constant reiteration of her condition as a woman artist, brings Helena Almeida&#039;s work up to date, confirming the historical relevance of her role in a generation that opened new paths and processes in ways of thinking and articulate the relationship between art and life.<\/span><\/p>\n<p><span style=\"font-weight: 400;\">The exhibition runs until September 24th, from Tuesday to Sunday, from 10am to 10pm at Instituto Moreira Salles Paulista in S\u00e3o Paulo.\u00a0<\/span><\/p>","protected":false},"excerpt":{"rendered":"<p>A renomada artista portuguesa Helena Almeida, est\u00e1 em exposi\u00e7\u00e3o no Instituto Moreira Salles em S\u00e3o Paulo. Intitulada \u2018Fotografia habitada, antologia de Helena Almeida, 1969-2018\u2019, esta \u00e9 a primeira exposi\u00e7\u00e3o individual da artista no Brasil. A exposi\u00e7\u00e3o j\u00e1 est\u00e1 aberta ao p\u00fablico e acontece no IMS Paulista at\u00e9 o dia 24 de setembro. Helena Almeida: Quem [&hellip;]<\/p>\n","protected":false},"author":3,"featured_media":2335,"comment_status":"closed","ping_status":"open","sticky":false,"template":"","format":"standard","meta":{"_et_pb_use_builder":"","_et_pb_old_content":"","_et_gb_content_width":"","_jetpack_memberships_contains_paid_content":false,"footnotes":""},"categories":[68],"tags":[],"class_list":["post-2333","post","type-post","status-publish","format-standard","has-post-thumbnail","hentry","category-artigo"],"acf":[],"jetpack_featured_media_url":"https:\/\/coletivoamarelo.com\/wp-content\/uploads\/2023\/09\/helena2.jpeg","yoast_head":"<!-- This site is optimized with the Yoast SEO Premium plugin v15.3 - https:\/\/yoast.com\/wordpress\/plugins\/seo\/ -->\n<title>Helena Almeida - Fotografia habitada &mdash; Coletivo Amarelo<\/title>\n<meta name=\"robots\" content=\"index, follow, max-snippet:-1, max-image-preview:large, max-video-preview:-1\" \/>\n<link rel=\"canonical\" href=\"https:\/\/coletivoamarelo.com\/en\/helena-almeida-fotografia-habitada\/\" \/>\n<meta property=\"og:locale\" content=\"en_US\" \/>\n<meta property=\"og:type\" content=\"article\" \/>\n<meta property=\"og:title\" content=\"Helena Almeida - Fotografia habitada &mdash; Coletivo Amarelo\" \/>\n<meta property=\"og:description\" content=\"A renomada artista portuguesa Helena Almeida, est\u00e1 em exposi\u00e7\u00e3o no Instituto Moreira Salles em S\u00e3o Paulo. Intitulada \u2018Fotografia habitada, antologia de Helena Almeida, 1969-2018\u2019, esta \u00e9 a primeira exposi\u00e7\u00e3o individual da artista no Brasil. A exposi\u00e7\u00e3o j\u00e1 est\u00e1 aberta ao p\u00fablico e acontece no IMS Paulista at\u00e9 o dia 24 de setembro. Helena Almeida: Quem [&hellip;]\" \/>\n<meta property=\"og:url\" content=\"https:\/\/coletivoamarelo.com\/en\/helena-almeida-fotografia-habitada\/\" \/>\n<meta property=\"og:site_name\" content=\"Coletivo Amarelo\" \/>\n<meta property=\"article:published_time\" content=\"2023-09-08T16:54:03+00:00\" \/>\n<meta property=\"article:modified_time\" content=\"2025-08-27T10:33:23+00:00\" \/>\n<meta property=\"og:image\" content=\"https:\/\/coletivoamarelo.com\/wp-content\/uploads\/2023\/09\/helena2.jpeg\" \/>\n\t<meta property=\"og:image:width\" content=\"900\" \/>\n\t<meta property=\"og:image:height\" content=\"504\" \/>\n<meta name=\"twitter:card\" content=\"summary_large_image\" \/>\n<meta name=\"twitter:label1\" content=\"Written by\">\n\t<meta name=\"twitter:data1\" content=\"Stephanie Wruck\">\n\t<meta name=\"twitter:label2\" content=\"Est. reading time\">\n\t<meta name=\"twitter:data2\" content=\"2 minutes\">\n<script type=\"application\/ld+json\" class=\"yoast-schema-graph\">{\"@context\":\"https:\/\/schema.org\",\"@graph\":[{\"@type\":\"Organization\",\"@id\":\"https:\/\/coletivoamarelo.com\/#organization\",\"name\":\"Coletivo Amarelo\",\"url\":\"https:\/\/coletivoamarelo.com\/\",\"sameAs\":[],\"logo\":{\"@type\":\"ImageObject\",\"@id\":\"https:\/\/coletivoamarelo.com\/#logo\",\"inLanguage\":\"en-US\",\"url\":\"https:\/\/coletivoamarelo.com\/wp-content\/uploads\/2023\/01\/coletivo-amarelo-logo-04.svg\",\"caption\":\"Coletivo Amarelo\"},\"image\":{\"@id\":\"https:\/\/coletivoamarelo.com\/#logo\"}},{\"@type\":\"WebSite\",\"@id\":\"https:\/\/coletivoamarelo.com\/#website\",\"url\":\"https:\/\/coletivoamarelo.com\/\",\"name\":\"Coletivo Amarelo\",\"description\":\"\",\"publisher\":{\"@id\":\"https:\/\/coletivoamarelo.com\/#organization\"},\"potentialAction\":[{\"@type\":\"SearchAction\",\"target\":\"https:\/\/coletivoamarelo.com\/?s={search_term_string}\",\"query-input\":\"required name=search_term_string\"}],\"inLanguage\":\"en-US\"},{\"@type\":\"ImageObject\",\"@id\":\"https:\/\/coletivoamarelo.com\/helena-almeida-fotografia-habitada\/#primaryimage\",\"inLanguage\":\"en-US\",\"url\":\"https:\/\/coletivoamarelo.com\/wp-content\/uploads\/2023\/09\/helena2.jpeg\",\"width\":900,\"height\":504},{\"@type\":\"WebPage\",\"@id\":\"https:\/\/coletivoamarelo.com\/helena-almeida-fotografia-habitada\/#webpage\",\"url\":\"https:\/\/coletivoamarelo.com\/helena-almeida-fotografia-habitada\/\",\"name\":\"Helena Almeida - Fotografia habitada &mdash; Coletivo Amarelo\",\"isPartOf\":{\"@id\":\"https:\/\/coletivoamarelo.com\/#website\"},\"primaryImageOfPage\":{\"@id\":\"https:\/\/coletivoamarelo.com\/helena-almeida-fotografia-habitada\/#primaryimage\"},\"datePublished\":\"2023-09-08T16:54:03+00:00\",\"dateModified\":\"2025-08-27T10:33:23+00:00\",\"breadcrumb\":{\"@id\":\"https:\/\/coletivoamarelo.com\/helena-almeida-fotografia-habitada\/#breadcrumb\"},\"inLanguage\":\"en-US\",\"potentialAction\":[{\"@type\":\"ReadAction\",\"target\":[\"https:\/\/coletivoamarelo.com\/helena-almeida-fotografia-habitada\/\"]}]},{\"@type\":\"BreadcrumbList\",\"@id\":\"https:\/\/coletivoamarelo.com\/helena-almeida-fotografia-habitada\/#breadcrumb\",\"itemListElement\":[{\"@type\":\"ListItem\",\"position\":1,\"item\":{\"@type\":\"WebPage\",\"@id\":\"https:\/\/coletivoamarelo.com\/\",\"url\":\"https:\/\/coletivoamarelo.com\/\",\"name\":\"Home\"}},{\"@type\":\"ListItem\",\"position\":2,\"item\":{\"@type\":\"WebPage\",\"@id\":\"https:\/\/coletivoamarelo.com\/helena-almeida-fotografia-habitada\/\",\"url\":\"https:\/\/coletivoamarelo.com\/helena-almeida-fotografia-habitada\/\",\"name\":\"Helena Almeida &#8211; Fotografia habitada\"}}]},{\"@type\":\"Article\",\"@id\":\"https:\/\/coletivoamarelo.com\/helena-almeida-fotografia-habitada\/#article\",\"isPartOf\":{\"@id\":\"https:\/\/coletivoamarelo.com\/helena-almeida-fotografia-habitada\/#webpage\"},\"author\":{\"@id\":\"https:\/\/coletivoamarelo.com\/#\/schema\/person\/0fbc30ce6db539a3d395008a59443aea\"},\"headline\":\"Helena Almeida &#8211; Fotografia habitada\",\"datePublished\":\"2023-09-08T16:54:03+00:00\",\"dateModified\":\"2025-08-27T10:33:23+00:00\",\"mainEntityOfPage\":{\"@id\":\"https:\/\/coletivoamarelo.com\/helena-almeida-fotografia-habitada\/#webpage\"},\"publisher\":{\"@id\":\"https:\/\/coletivoamarelo.com\/#organization\"},\"image\":{\"@id\":\"https:\/\/coletivoamarelo.com\/helena-almeida-fotografia-habitada\/#primaryimage\"},\"articleSection\":\"Artigo\",\"inLanguage\":\"en-US\"},{\"@type\":\"Person\",\"@id\":\"https:\/\/coletivoamarelo.com\/#\/schema\/person\/0fbc30ce6db539a3d395008a59443aea\",\"name\":\"Stephanie Wruck\",\"image\":{\"@type\":\"ImageObject\",\"@id\":\"https:\/\/coletivoamarelo.com\/#personlogo\",\"inLanguage\":\"en-US\",\"url\":\"https:\/\/secure.gravatar.com\/avatar\/419b60e2d015a80726e5002c4546d205b24df0d35397b43cdc35aebccc044352?s=96&d=mm&r=g\",\"caption\":\"Stephanie Wruck\"}}]}<\/script>\n<!-- \/ Yoast SEO Premium plugin. -->","jetpack_sharing_enabled":true,"_links":{"self":[{"href":"https:\/\/coletivoamarelo.com\/en\/wp-json\/wp\/v2\/posts\/2333","targetHints":{"allow":["GET"]}}],"collection":[{"href":"https:\/\/coletivoamarelo.com\/en\/wp-json\/wp\/v2\/posts"}],"about":[{"href":"https:\/\/coletivoamarelo.com\/en\/wp-json\/wp\/v2\/types\/post"}],"author":[{"embeddable":true,"href":"https:\/\/coletivoamarelo.com\/en\/wp-json\/wp\/v2\/users\/3"}],"replies":[{"embeddable":true,"href":"https:\/\/coletivoamarelo.com\/en\/wp-json\/wp\/v2\/comments?post=2333"}],"version-history":[{"count":2,"href":"https:\/\/coletivoamarelo.com\/en\/wp-json\/wp\/v2\/posts\/2333\/revisions"}],"predecessor-version":[{"id":2337,"href":"https:\/\/coletivoamarelo.com\/en\/wp-json\/wp\/v2\/posts\/2333\/revisions\/2337"}],"wp:featuredmedia":[{"embeddable":true,"href":"https:\/\/coletivoamarelo.com\/en\/wp-json\/wp\/v2\/media\/2335"}],"wp:attachment":[{"href":"https:\/\/coletivoamarelo.com\/en\/wp-json\/wp\/v2\/media?parent=2333"}],"wp:term":[{"taxonomy":"category","embeddable":true,"href":"https:\/\/coletivoamarelo.com\/en\/wp-json\/wp\/v2\/categories?post=2333"},{"taxonomy":"post_tag","embeddable":true,"href":"https:\/\/coletivoamarelo.com\/en\/wp-json\/wp\/v2\/tags?post=2333"}],"curies":[{"name":"wp","href":"https:\/\/api.w.org\/{rel}","templated":true}]}}