{"id":1778,"date":"2023-02-06T15:16:45","date_gmt":"2023-02-06T15:16:45","guid":{"rendered":"https:\/\/dev.coletivoamarelo.pt\/?p=1778"},"modified":"2025-08-27T10:33:24","modified_gmt":"2025-08-27T10:33:24","slug":"arte-e-politica-no-brasil","status":"publish","type":"post","link":"https:\/\/coletivoamarelo.com\/en\/arte-e-politica-no-brasil\/","title":{"rendered":"Art and Politics in Brazil"},"content":{"rendered":"<p>It is impossible to deny that art and politics are intertwined. Whether due to the artist&#039;s willingness to express his position or his absence, in one way or another, art conveys a political message. One of the wills inherent to the human being that motivates this manifestation is the aspiration for freedom. In the Brazilian historical context this would not be different. After all, the practice of making art in Brazil is, in itself, a political act. With that in mind, in today&#039;s article we are going to address the intersection between art and politics in the work of Brazilian artists and their impact on the country.\u200b\u200b\u200b\u200b\u200b\u200b\u200b\u200b<\/p>\n<h3><strong class=\"notranslate\">Art is politics!<\/strong><\/h3>\n<p><span class=\"notranslate\">Art is and has always been a political expression! It is even possible to analyze this connection in different historical moments. Whether in the Renaissance, when paintings were commissioned and executed according to the political position of the buyer. Be it in a dictatorial moment when art is censored. Art is political and artistic expression has a force, whether intentional or not.<\/span><\/p>\n<p><span class=\"notranslate\">When creating a work of art, the artist can choose to speak out against the system, against oppression and against outdated norms of society, for example. There is an infinity of placements that an artist can employ in his work. Just as there are also artists who do not seek to express a political position, however, the absence of expression is a position in itself.<\/span><\/p>\n<p><img loading=\"lazy\" decoding=\"async\" class=\"wp-image-1783 alignleft\" src=\"https:\/\/coletivoamarelo.com\/wp-content\/uploads\/2023\/04\/sejamarginall.png\" alt=\"\" width=\"335\" height=\"274\" srcset=\"https:\/\/coletivoamarelo.com\/wp-content\/uploads\/2023\/04\/sejamarginall.png 248w, https:\/\/coletivoamarelo.com\/wp-content\/uploads\/2023\/04\/sejamarginall-15x12.png 15w\" sizes=\"(max-width: 335px) 100vw, 335px\" \/><\/p>\n<p class=\"notranslate\">Contrary to what many people think, the connection between art and politics does not need to have a pamphleteer nature. That is, to support an idea radically and massively. The simple fact that certain artists express themselves and demonstrate their reality in their works is a political act.<\/p>\n<p><span class=\"notranslate\">When we talk about art and politics, it is also common for society to understand this as an imposition of indoctrination on the spectator. However, reality proves that this is a shallow thought and without much foundation. After all, art is subjective and interacts with each individual in a different way.\u00a0<\/span><span class=\"notranslate\">There are several stimuli and impacts that artistic expression causes on the observer and their interpretation depends on their cultural, political and social baggage.<\/span><\/p>\n<p>&nbsp;<\/p>\n<h3><\/h3>\n<h3><b class=\"notranslate\">Art and Politics in the Brazilian Context<\/b><\/h3>\n<p><span class=\"notranslate\">In Brazil, a country rich in culture and diversity, art is a strong political tool. To illustrate this, we draw a timeline with different artists and their impacts on Brazilian society.<\/span><\/p>\n<h3><b class=\"notranslate\">Almeida J\u00fanior \u2013 Caipira chopping tobacco<\/b><\/h3>\n<p><span class=\"notranslate\">The artist lived in the 19th century, more precisely between 1850 and 1899. Almeida J\u00fanior is usually associated with a word that can be seen as pejorative: \u201ccaipira\u201d. This relationship comes from his representation of the Brazilian people in their plurality, focusing on \u201cordinary\u201d people and avoiding the representation of the illustrious and aristocratic, as was usual.<\/span><\/p>\n<p><img loading=\"lazy\" decoding=\"async\" class=\"wp-image-1781 aligncenter\" src=\"https:\/\/coletivoamarelo.com\/wp-content\/uploads\/2023\/04\/almeidajunior.jpeg\" alt=\"\" width=\"294\" height=\"419\" srcset=\"https:\/\/coletivoamarelo.com\/wp-content\/uploads\/2023\/04\/almeidajunior.jpeg 188w, https:\/\/coletivoamarelo.com\/wp-content\/uploads\/2023\/04\/almeidajunior-8x12.jpeg 8w\" sizes=\"(max-width: 294px) 100vw, 294px\" \/><\/p>\n<h3><b class=\"notranslate\">Oswald de Andrade \u2013 Anthropophagic Manifesto<\/b><\/h3>\n<p><span class=\"notranslate\">The 1920s are a historic milestone for Brazilian art. 101 years ago, the Modern Art Week took place, starting the modernist movement in the country. A few years later, in 1928, Oswald de Andrade published his Manifesto Antropof\u00e1gico. Inspired by the ideas of the artist and political activist Filippo Tommaso Marinetti, the creator of futurism in art, Andrade founded a historical movement.<\/span><\/p>\n<p><span class=\"notranslate\">The artist published his manifesto in the magazine Antropofagia, in S\u00e3o Paulo, with the aim of \u201cswallowing\u201d techniques and influences from other countries. In this way, Oswald de Andrade encouraged the creation of a new Brazilian artistic aesthetic.<\/span><\/p>\n<p><span class=\"notranslate\">The movement took its name from promoting the \u201ccannibalism\u201d of foreign culture. After all, foreign culture greatly influenced Brazilian art. The artist&#039;s objective was to promote a new, multicultural and original Brazilian identity, as well as its people.<\/span><\/p>\n<h3><b>Tarsila do Amaral \u2013 Abaporu<\/b><\/h3>\n<p><span class=\"notranslate\">One of the most famous paintings by the acclaimed Brazilian artist, Abaporu dialogues directly with the work of her husband, Oswald de Andrade, in Manifesto Antropof\u00e1gico.<\/span><\/p>\n<p><img loading=\"lazy\" decoding=\"async\" class=\"wp-image-1782 alignleft\" src=\"https:\/\/coletivoamarelo.com\/wp-content\/uploads\/2023\/04\/abaporuuu-256x300.jpeg\" alt=\"\" width=\"273\" height=\"320\" \/><\/p>\n<p><span class=\"notranslate\">The painting features a seated man with disproportionate limbs, with enlarged hands and feet and a tiny head compared to the rest of the body. In addition, the sun in the center of the painting and the representation of a cactus reinforce the idea that we can understand from the painting.<\/span><\/p>\n<p class=\"notranslate\">The work is seen as a critique of physical work, exhausting and with little critical thinking, representing the reality of a large part of the population at the time. The painting was painted in 1928 and marks the artist&#039;s anthropophagic phase, which lasted until 1930.<\/p>\n<h3><b class=\"notranslate\">Art and politics during the Military Dictatorship in Brazil<\/b><\/h3>\n<p><span class=\"notranslate\">During the years 1964 and 1985, Brazil went through the Military Dictatorship, a dark and repressive period. There were almost 30 years of military oppression and artists, of course, were one of the big classes affected, persecuted and censored by the dictatorship.<\/span><\/p>\n<p><span class=\"notranslate\">Art as politics has not been silent, on the contrary. Even living in a time of censorship, many artists used their work in favor of freedom of expression, which was increasingly silenced.<\/span><\/p>\n<p class=\"notranslate\">We separate some of the artists who stood out in the fight against an oppressive and dictatorial system:<\/p>\n<h3><b class=\"notranslate\">Cildo Meireles \u2013 Red Shift<\/b><\/h3>\n<p><span class=\"notranslate\">Cildo Meireles is a Brazilian artist known for his pioneering work in creating art installations in the country. During the dictatorship, the artist demonstrated a strong political position, which we can analyze in his installation \u201cDesvio para o Vermelho\u201d (1967 \u2013 1984). The installation is marked by these two dates as it marks the year it was conceived (1967) and the year of its first assembly (1984).<\/span><\/p>\n<p><span class=\"notranslate\">The work is divided into three rooms painted in red and articulated with each other. In the first environment, Impregnation, we are inserted in a white room filled with furniture and works in shades of red. This is contrasted in the penumbra of Entorno, the second environment, where it is possible to observe an overturned bottle, with a red liquid flowing in a totally dark environment. In the last environment, Desvio, the sound of running water guides the viewer into a completely dark room. The darkness is broken only by a funky sink, where red water flows, creating sound.<\/span><\/p>\n<p><img loading=\"lazy\" decoding=\"async\" class=\"wp-image-1784 aligncenter\" src=\"https:\/\/coletivoamarelo.com\/wp-content\/uploads\/2023\/04\/desvio-300x194.jpg\" alt=\"\" width=\"475\" height=\"307\" \/><\/p>\n<h3><b>H\u00e9lio Oiticica \u2013 Tropic\u00e1lia<\/b><\/h3>\n<p><span class=\"notranslate\">Tropic\u00e1lia is a term created by the artist H\u00e9lio Oiticica and represented in an installation exhibited in the Nova Objetividade Brasileira show, held at the Museum of Modern Art in Rio de Janeiro in 1967. The work is an environment composed of Penetr\u00e1veis, PN2 (1966) \u2013 Pureza \u00c9 a Myth, and PN3 (1966-1967) \u2013 Imagery. This was the work that inspired the aesthetic creation of the tropicalista movement between the 1960s and 1970s.<\/span><\/p>\n<p><span class=\"notranslate\">The work is rich in elements typical of Brazilian popular culture, such as sand, earth, tropical plants, fabrics, among others. All these elements together subverted the aesthetic order of European modernism.<\/span><\/p>\n<p><img loading=\"lazy\" decoding=\"async\" class=\"wp-image-1785 aligncenter\" src=\"https:\/\/coletivoamarelo.com\/wp-content\/uploads\/2023\/04\/tropicalia-300x200.jpeg\" alt=\"\" width=\"429\" height=\"286\" \/><\/p>\n<h3><b>Anna Maria Maiolino \u2013 \u201cWhat&#039;s left\u201d<\/b><\/h3>\n<p><span class=\"notranslate\">Through political and provocative work, Italian-Brazilian artist Anna Maria Maiolino explored different materials and means of expression. During dictatorial periods, the ever-present questions were: \u201cHow to speak? How to communicate in times of dictatorship?\u201d.<\/span><\/p>\n<p><span class=\"notranslate\">These doubts are expressed in the artist&#039;s work, such as the photograph \u201cO que Sobra\u201d (1974), which shows a woman with her tongue exposed between scissors. Through her art, the artist questions!<\/span><\/p>\n<p><img loading=\"lazy\" decoding=\"async\" class=\"wp-image-1786 aligncenter\" src=\"https:\/\/coletivoamarelo.com\/wp-content\/uploads\/2023\/04\/whatsleft.jpeg\" alt=\"\" width=\"433\" height=\"282\" srcset=\"https:\/\/coletivoamarelo.com\/wp-content\/uploads\/2023\/04\/whatsleft.jpeg 278w, https:\/\/coletivoamarelo.com\/wp-content\/uploads\/2023\/04\/whatsleft-18x12.jpeg 18w\" sizes=\"(max-width: 433px) 100vw, 433px\" \/><\/p>\n<h3><b>Adriana Varejao<\/b><\/h3>\n<p><span class=\"notranslate\">The artist has a unique vision and work. His work starts from a question: \u201cWhat if the walls had viscera, muscles and blood?\u201d. Adriana Varej\u00e3o is among the most important names in Brazilian contemporary art and has a pavilion dedicated to her work at Inhotim, the largest open-air museum in the world, located in Brumadinho, Minas Gerais.<\/span><\/p>\n<p><span class=\"notranslate\">However, his work is not limited to the idea of walls that simulate human entrails. In her works on display at Inhotim, the artist criticizes the wounds left by Brazilian history.<\/span><\/p>\n<p><img loading=\"lazy\" decoding=\"async\" class=\"wp-image-1787 aligncenter\" src=\"https:\/\/coletivoamarelo.com\/wp-content\/uploads\/2023\/04\/varejao.jpeg\" alt=\"\" width=\"363\" height=\"358\" srcset=\"https:\/\/coletivoamarelo.com\/wp-content\/uploads\/2023\/04\/varejao.jpeg 226w, https:\/\/coletivoamarelo.com\/wp-content\/uploads\/2023\/04\/varejao-12x12.jpeg 12w, https:\/\/coletivoamarelo.com\/wp-content\/uploads\/2023\/04\/varejao-100x100.jpeg 100w\" sizes=\"(max-width: 363px) 100vw, 363px\" \/><\/p>\n<h3><b>Regina Parra<\/b><\/h3>\n<p><span class=\"notranslate\">The artist expresses her art through painting, photography and video, with a strong political nature linked to current issues about feminism and survival in a universe that is still misogynistic and sexist. Regina Parra addresses themes such as oppression, insubordination and female resistance in her works.<\/span><\/p>\n<h3><b class=\"notranslate\">Art and politics in the current scenario of Brazil<\/b><\/h3>\n<p class=\"notranslate\">Brazilian politics has been disruptive, to say the least. It was four years of a government that was openly against artistic expression. The Ministry of Culture was extinguished right at the beginning of the former president&#039;s term, the audiovisual sector was scrapped and art was discouraged.<\/p>\n<p class=\"notranslate\">The year 2023 began with the change of this government, but the transition has not been smooth. The current president of Brazil, Lu\u00eds In\u00e1cio Lula da Silva, took office on January 1st and, just a week later, supporters of the former president invaded the buildings of the three powers in Bras\u00edlia. The terrorist attacks carried out by an articulated group left a devastating scenario.<\/p>\n<p><span class=\"notranslate\">The country&#039;s public property was destroyed or damaged, including priceless works of art. Among the losses is the painting As Mulatas, by Di Cavalcanti. It is a horizontal panel with great emphasis on four female figures working superimposed on a large landscape. They are brown-skinned, mestizo and mulatto women.<\/span><\/p>\n<p><img loading=\"lazy\" decoding=\"async\" class=\"wp-image-1788 aligncenter\" src=\"https:\/\/coletivoamarelo.com\/wp-content\/uploads\/2023\/04\/dicavalcanti.jpeg\" alt=\"\" width=\"501\" height=\"333\" srcset=\"https:\/\/coletivoamarelo.com\/wp-content\/uploads\/2023\/04\/dicavalcanti.jpeg 275w, https:\/\/coletivoamarelo.com\/wp-content\/uploads\/2023\/04\/dicavalcanti-18x12.jpeg 18w\" sizes=\"(max-width: 501px) 100vw, 501px\" \/><\/p>\n<p><span class=\"notranslate\">In this painting, the artist uses the same logic as Almeida J\u00fanior, which is to give prominence to marginalized and socially oppressed figures, but who are the core of the functioning of our social fabric. Estimated at R$ 8 million, the work in question was in the Great Hall of the Planalto Palace and had seven tears in its canvas.<\/span><\/p>\n<p><span class=\"notranslate\">In addition to the acclaimed work of Di Cavalcante, several works of art were hit and destroyed in the terrorist attacks of January 8, 2023.<\/span><\/p>\n<p><span class=\"notranslate\">The destruction of this heritage by extremists proves that art is political! It proves that art is indeed necessary. After all, the Brazilian reality expressed with the intention of coping generates discomfort even in the most lay people. Art is political and always will be, regardless of how many opposing forces arise.<\/span><\/p>","protected":false},"excerpt":{"rendered":"<p>\u00c9 imposs\u00edvel negar que arte e pol\u00edtica est\u00e3o interligadas. Seja pela vontade do artista em manifestar o seu posicionamento ou pela aus\u00eancia do mesmo, de uma maneira ou outra, a arte transmite uma mensagem pol\u00edtica. Uma das vontades inerentes ao ser humano que motiva essa manifesta\u00e7\u00e3o \u00e9 a aspira\u00e7\u00e3o pela liberdade. No contexto hist\u00f3rico brasileiro [&hellip;]<\/p>\n","protected":false},"author":3,"featured_media":1783,"comment_status":"closed","ping_status":"open","sticky":false,"template":"","format":"standard","meta":{"_et_pb_use_builder":"","_et_pb_old_content":"","_et_gb_content_width":"","_jetpack_memberships_contains_paid_content":false,"footnotes":""},"categories":[68],"tags":[53,54],"class_list":["post-1778","post","type-post","status-publish","format-standard","has-post-thumbnail","hentry","category-artigo","tag-arte-brasileira","tag-arte-politica"],"acf":[],"jetpack_featured_media_url":"https:\/\/coletivoamarelo.com\/wp-content\/uploads\/2023\/04\/sejamarginall.png","yoast_head":"<!-- This site is optimized with the Yoast SEO Premium plugin v15.3 - https:\/\/yoast.com\/wordpress\/plugins\/seo\/ -->\n<title>Arte e Pol\u00edtica no Brasil &mdash; Coletivo Amarelo<\/title>\n<meta name=\"robots\" content=\"index, follow, max-snippet:-1, max-image-preview:large, max-video-preview:-1\" \/>\n<link rel=\"canonical\" href=\"https:\/\/coletivoamarelo.com\/en\/arte-e-politica-no-brasil\/\" \/>\n<meta property=\"og:locale\" content=\"en_US\" \/>\n<meta property=\"og:type\" content=\"article\" \/>\n<meta property=\"og:title\" content=\"Arte e Pol\u00edtica no Brasil &mdash; Coletivo Amarelo\" \/>\n<meta property=\"og:description\" content=\"\u00c9 imposs\u00edvel negar que arte e pol\u00edtica est\u00e3o interligadas. Seja pela vontade do artista em manifestar o seu posicionamento ou pela aus\u00eancia do mesmo, de uma maneira ou outra, a arte transmite uma mensagem pol\u00edtica. Uma das vontades inerentes ao ser humano que motiva essa manifesta\u00e7\u00e3o \u00e9 a aspira\u00e7\u00e3o pela liberdade. No contexto hist\u00f3rico brasileiro [&hellip;]\" \/>\n<meta property=\"og:url\" content=\"https:\/\/coletivoamarelo.com\/en\/arte-e-politica-no-brasil\/\" \/>\n<meta property=\"og:site_name\" content=\"Coletivo Amarelo\" \/>\n<meta property=\"article:published_time\" content=\"2023-02-06T15:16:45+00:00\" \/>\n<meta property=\"article:modified_time\" content=\"2025-08-27T10:33:24+00:00\" \/>\n<meta property=\"og:image\" content=\"https:\/\/coletivoamarelo.com\/wp-content\/uploads\/2023\/04\/sejamarginall.png\" \/>\n\t<meta property=\"og:image:width\" content=\"248\" \/>\n\t<meta property=\"og:image:height\" content=\"203\" \/>\n<meta name=\"twitter:card\" content=\"summary_large_image\" \/>\n<meta name=\"twitter:label1\" content=\"Written by\">\n\t<meta name=\"twitter:data1\" content=\"Stephanie Wruck\">\n\t<meta name=\"twitter:label2\" content=\"Est. reading time\">\n\t<meta name=\"twitter:data2\" content=\"7 minutes\">\n<script type=\"application\/ld+json\" class=\"yoast-schema-graph\">{\"@context\":\"https:\/\/schema.org\",\"@graph\":[{\"@type\":\"Organization\",\"@id\":\"https:\/\/coletivoamarelo.com\/#organization\",\"name\":\"Coletivo Amarelo\",\"url\":\"https:\/\/coletivoamarelo.com\/\",\"sameAs\":[],\"logo\":{\"@type\":\"ImageObject\",\"@id\":\"https:\/\/coletivoamarelo.com\/#logo\",\"inLanguage\":\"en-US\",\"url\":\"https:\/\/coletivoamarelo.com\/wp-content\/uploads\/2023\/01\/coletivo-amarelo-logo-04.svg\",\"caption\":\"Coletivo Amarelo\"},\"image\":{\"@id\":\"https:\/\/coletivoamarelo.com\/#logo\"}},{\"@type\":\"WebSite\",\"@id\":\"https:\/\/coletivoamarelo.com\/#website\",\"url\":\"https:\/\/coletivoamarelo.com\/\",\"name\":\"Coletivo Amarelo\",\"description\":\"\",\"publisher\":{\"@id\":\"https:\/\/coletivoamarelo.com\/#organization\"},\"potentialAction\":[{\"@type\":\"SearchAction\",\"target\":\"https:\/\/coletivoamarelo.com\/?s={search_term_string}\",\"query-input\":\"required name=search_term_string\"}],\"inLanguage\":\"en-US\"},{\"@type\":\"ImageObject\",\"@id\":\"https:\/\/coletivoamarelo.com\/arte-e-politica-no-brasil\/#primaryimage\",\"inLanguage\":\"en-US\",\"url\":\"https:\/\/coletivoamarelo.com\/wp-content\/uploads\/2023\/04\/sejamarginall.png\",\"width\":248,\"height\":203},{\"@type\":\"WebPage\",\"@id\":\"https:\/\/coletivoamarelo.com\/arte-e-politica-no-brasil\/#webpage\",\"url\":\"https:\/\/coletivoamarelo.com\/arte-e-politica-no-brasil\/\",\"name\":\"Arte e Pol\\u00edtica no Brasil &mdash; Coletivo Amarelo\",\"isPartOf\":{\"@id\":\"https:\/\/coletivoamarelo.com\/#website\"},\"primaryImageOfPage\":{\"@id\":\"https:\/\/coletivoamarelo.com\/arte-e-politica-no-brasil\/#primaryimage\"},\"datePublished\":\"2023-02-06T15:16:45+00:00\",\"dateModified\":\"2025-08-27T10:33:24+00:00\",\"breadcrumb\":{\"@id\":\"https:\/\/coletivoamarelo.com\/arte-e-politica-no-brasil\/#breadcrumb\"},\"inLanguage\":\"en-US\",\"potentialAction\":[{\"@type\":\"ReadAction\",\"target\":[\"https:\/\/coletivoamarelo.com\/arte-e-politica-no-brasil\/\"]}]},{\"@type\":\"BreadcrumbList\",\"@id\":\"https:\/\/coletivoamarelo.com\/arte-e-politica-no-brasil\/#breadcrumb\",\"itemListElement\":[{\"@type\":\"ListItem\",\"position\":1,\"item\":{\"@type\":\"WebPage\",\"@id\":\"https:\/\/coletivoamarelo.com\/\",\"url\":\"https:\/\/coletivoamarelo.com\/\",\"name\":\"Home\"}},{\"@type\":\"ListItem\",\"position\":2,\"item\":{\"@type\":\"WebPage\",\"@id\":\"https:\/\/coletivoamarelo.com\/arte-e-politica-no-brasil\/\",\"url\":\"https:\/\/coletivoamarelo.com\/arte-e-politica-no-brasil\/\",\"name\":\"Arte e Pol\\u00edtica no Brasil\"}}]},{\"@type\":\"Article\",\"@id\":\"https:\/\/coletivoamarelo.com\/arte-e-politica-no-brasil\/#article\",\"isPartOf\":{\"@id\":\"https:\/\/coletivoamarelo.com\/arte-e-politica-no-brasil\/#webpage\"},\"author\":{\"@id\":\"https:\/\/coletivoamarelo.com\/#\/schema\/person\/0fbc30ce6db539a3d395008a59443aea\"},\"headline\":\"Arte e Pol\\u00edtica no Brasil\",\"datePublished\":\"2023-02-06T15:16:45+00:00\",\"dateModified\":\"2025-08-27T10:33:24+00:00\",\"mainEntityOfPage\":{\"@id\":\"https:\/\/coletivoamarelo.com\/arte-e-politica-no-brasil\/#webpage\"},\"publisher\":{\"@id\":\"https:\/\/coletivoamarelo.com\/#organization\"},\"image\":{\"@id\":\"https:\/\/coletivoamarelo.com\/arte-e-politica-no-brasil\/#primaryimage\"},\"keywords\":\"arte brasileira,arte politica\",\"articleSection\":\"Artigo\",\"inLanguage\":\"en-US\"},{\"@type\":\"Person\",\"@id\":\"https:\/\/coletivoamarelo.com\/#\/schema\/person\/0fbc30ce6db539a3d395008a59443aea\",\"name\":\"Stephanie Wruck\",\"image\":{\"@type\":\"ImageObject\",\"@id\":\"https:\/\/coletivoamarelo.com\/#personlogo\",\"inLanguage\":\"en-US\",\"url\":\"https:\/\/secure.gravatar.com\/avatar\/419b60e2d015a80726e5002c4546d205b24df0d35397b43cdc35aebccc044352?s=96&d=mm&r=g\",\"caption\":\"Stephanie Wruck\"}}]}<\/script>\n<!-- \/ Yoast SEO Premium plugin. -->","jetpack_sharing_enabled":true,"_links":{"self":[{"href":"https:\/\/coletivoamarelo.com\/en\/wp-json\/wp\/v2\/posts\/1778","targetHints":{"allow":["GET"]}}],"collection":[{"href":"https:\/\/coletivoamarelo.com\/en\/wp-json\/wp\/v2\/posts"}],"about":[{"href":"https:\/\/coletivoamarelo.com\/en\/wp-json\/wp\/v2\/types\/post"}],"author":[{"embeddable":true,"href":"https:\/\/coletivoamarelo.com\/en\/wp-json\/wp\/v2\/users\/3"}],"replies":[{"embeddable":true,"href":"https:\/\/coletivoamarelo.com\/en\/wp-json\/wp\/v2\/comments?post=1778"}],"version-history":[{"count":1,"href":"https:\/\/coletivoamarelo.com\/en\/wp-json\/wp\/v2\/posts\/1778\/revisions"}],"predecessor-version":[{"id":4507,"href":"https:\/\/coletivoamarelo.com\/en\/wp-json\/wp\/v2\/posts\/1778\/revisions\/4507"}],"wp:featuredmedia":[{"embeddable":true,"href":"https:\/\/coletivoamarelo.com\/en\/wp-json\/wp\/v2\/media\/1783"}],"wp:attachment":[{"href":"https:\/\/coletivoamarelo.com\/en\/wp-json\/wp\/v2\/media?parent=1778"}],"wp:term":[{"taxonomy":"category","embeddable":true,"href":"https:\/\/coletivoamarelo.com\/en\/wp-json\/wp\/v2\/categories?post=1778"},{"taxonomy":"post_tag","embeddable":true,"href":"https:\/\/coletivoamarelo.com\/en\/wp-json\/wp\/v2\/tags?post=1778"}],"curies":[{"name":"wp","href":"https:\/\/api.w.org\/{rel}","templated":true}]}}