{"id":2670,"date":"2024-02-06T13:13:54","date_gmt":"2024-02-06T13:13:54","guid":{"rendered":"https:\/\/coletivoamarelo.com\/?p=2670"},"modified":"2025-08-27T10:33:20","modified_gmt":"2025-08-27T10:33:20","slug":"affordable-art-fair-brussels","status":"publish","type":"post","link":"https:\/\/coletivoamarelo.com\/de\/affordable-art-fair-brussels\/","title":{"rendered":"Erschwingliche Kunstmesse Br\u00fcssel"},"content":{"rendered":"<p><strong>Yellow Collective auf der Affordable Art Fair in Br\u00fcssel<\/strong><\/p>\n<p><span style=\"font-weight: 400;\">Nach der Teilnahme an den Ausgaben der Affordable Art Fair in Amsterdam und Hamburg im Jahr 2023 wird Coletivo Amarelo 2024 bei der Br\u00fcsseler Ausgabe vertreten sein. Die Messe \u00f6ffnet am <strong>7. Februar und dauert bis zum 11. Februar<\/strong>. Die Affordable Art Fair bietet eine Reihe lokaler und internationaler Galerien, die Tausende zeitgen\u00f6ssischer Kunstwerke zu erschwinglichen Preisen pr\u00e4sentieren. Zu den K\u00fcnstlern, die auf der Messe ausgestellt werden, geh\u00f6ren Flavia Regaldo, Gabriela Albuquerque, Juliana Matsumura, Nat\u00e1lia Loyola, Veridiana Leite und Eduardo Dias.\u00a0<\/span><\/p>\n<p><strong><a href=\"https:\/\/affordableartfair.com\/inspiration\/five-must-see-new-galleries-at-our-brussels-fair\/?utm_source=instagram&amp;utm_medium=social&amp;utm_campaign=BRU24&amp;utm_content=blog\">5 Galerien, die es dieses Jahr auf der Messe zu sehen gibt!<\/a><\/strong><\/p>\n<p><strong>Erschwingliche Kunstmesse<\/strong><\/p>\n<p><span style=\"font-weight: 400;\">Die erste Ausgabe der Affordable Art Fair fand im Oktober 1999 im Battersea Park in London statt. Die Messe hatte zun\u00e4chst ein Publikum von 10.000 Menschen, die sich f\u00fcr den Kauf von Kunst interessierten. Dazu geh\u00f6ren originale zeitgen\u00f6ssische Gem\u00e4lde, Skulpturen, Fotografien und Drucke in einer entspannten und freundlichen Atmosph\u00e4re.<\/span><\/p>\n<p><span style=\"font-weight: 400;\">Nach all diesen Jahren findet die Affordable Art Fair in mehr als 10 St\u00e4dten auf der ganzen Welt statt, darunter London, New York, Hongkong, Hamburg, Amsterdam, Br\u00fcssel, Singapur, Stockholm, Melbourne und Sydney, und zwei neue Messen er\u00f6ffnen in K\u00fcrze bald nach Shanghai und Berlin.<\/span><\/p>\n<p><span style=\"font-weight: 400;\">In jeder ihrer Ausgaben begr\u00fc\u00dft die Messe Tausende Kunstbegeisterte und bietet eine gro\u00dfe Vielfalt an Kunst. Sie pr\u00e4sentieren etablierte und aufstrebende K\u00fcnstler in einer Mischung aus lokalen, nationalen und internationalen Galerien mit erschwinglichen Kunstwerken.<\/span><\/p>\n<p><span style=\"font-weight: 400;\">Die Affordable Art Fair ist eine Gelegenheit, aufstrebende K\u00fcnstler und Galerien zu einem erschwinglichen Preis zu entdecken. Es f\u00f6rdert die Demokratisierung der Kunst und ihres Konsums.<\/span><\/p>\n<p><span style=\"font-weight: 400;\"><strong>Die Vernissage findet am 7. Februar zwischen 17 und 22 Uhr statt.<\/strong> Weitere Informationen zu den Messezeiten finden Sie auf der Website der Messe<\/span><strong><a href=\"https:\/\/affordableartfair.com\/fairs\/brussels\/?utm_source=google&amp;utm_medium=cpc&amp;utm_campaign=BRU-24-S-Brand-EN-BRU24-V1&amp;utm_term=Brand&amp;gclid=Cj0KCQiAzoeuBhDqARIsAMdH14GtnpBEzIA5zRs8UKHaYvj96DdRyVQqi-2iH69c5sZIq9_NGJuMuhIaAotuEALw_wcB\"> Erschwingliche Kunstmesse<\/a>!\u00a0\u00a0<\/strong><\/p>\n<p>&nbsp;<\/p>","protected":false},"excerpt":{"rendered":"<p>Coletivo Amarelo na Affordable Art Fair em Brussels Ap\u00f3s participar das edi\u00e7\u00f5es da Affordable Art Fair em Amsterdam e Hamburgo em 2023, o Coletivo Amarelo estar\u00e1 presente na edi\u00e7\u00e3o de Bruxelas em 2024. A feira abre no dia 7 de Fevereiro e se extende at\u00e9 o dia 11. A Affordable Art Fair conta com uma [&hellip;]<\/p>\n","protected":false},"author":3,"featured_media":2672,"comment_status":"closed","ping_status":"open","sticky":false,"template":"","format":"standard","meta":{"_et_pb_use_builder":"","_et_pb_old_content":"","_et_gb_content_width":"","_jetpack_memberships_contains_paid_content":false,"footnotes":""},"categories":[68,90,35],"tags":[],"class_list":["post-2670","post","type-post","status-publish","format-standard","has-post-thumbnail","hentry","category-artigo","category-destaque-home","category-eventos"],"acf":[],"jetpack_featured_media_url":"https:\/\/coletivoamarelo.com\/wp-content\/uploads\/2024\/02\/AFFBRUSSELS-1.jpg","yoast_head":"<!-- This site is optimized with the Yoast SEO Premium plugin v15.3 - https:\/\/yoast.com\/wordpress\/plugins\/seo\/ -->\n<title>Affordable Art Fair Brussels &mdash; Coletivo Amarelo<\/title>\n<meta name=\"robots\" content=\"index, follow, max-snippet:-1, max-image-preview:large, max-video-preview:-1\" \/>\n<link rel=\"canonical\" href=\"https:\/\/coletivoamarelo.com\/de\/affordable-art-fair-brussels\/\" \/>\n<meta property=\"og:locale\" content=\"de_DE\" \/>\n<meta property=\"og:type\" content=\"article\" \/>\n<meta property=\"og:title\" content=\"Affordable Art Fair Brussels &mdash; Coletivo Amarelo\" \/>\n<meta property=\"og:description\" content=\"Coletivo Amarelo na Affordable Art Fair em Brussels Ap\u00f3s participar das edi\u00e7\u00f5es da Affordable Art Fair em Amsterdam e Hamburgo em 2023, o Coletivo Amarelo estar\u00e1 presente na edi\u00e7\u00e3o de Bruxelas em 2024. A feira abre no dia 7 de Fevereiro e se extende at\u00e9 o dia 11. A Affordable Art Fair conta com uma [&hellip;]\" \/>\n<meta property=\"og:url\" content=\"https:\/\/coletivoamarelo.com\/de\/affordable-art-fair-brussels\/\" \/>\n<meta property=\"og:site_name\" content=\"Coletivo Amarelo\" \/>\n<meta property=\"article:published_time\" content=\"2024-02-06T13:13:54+00:00\" \/>\n<meta property=\"article:modified_time\" content=\"2025-08-27T10:33:20+00:00\" \/>\n<meta property=\"og:image\" content=\"https:\/\/coletivoamarelo.com\/wp-content\/uploads\/2024\/02\/AFFBRUSSELS-1.jpg\" \/>\n\t<meta property=\"og:image:width\" content=\"2500\" \/>\n\t<meta property=\"og:image:height\" content=\"1667\" \/>\n<meta name=\"twitter:card\" content=\"summary_large_image\" \/>\n<meta name=\"twitter:label1\" content=\"Verfasst von\">\n\t<meta name=\"twitter:data1\" content=\"Stephanie Wruck\">\n\t<meta name=\"twitter:label2\" content=\"Gesch\u00e4tzte Lesezeit\">\n\t<meta name=\"twitter:data2\" content=\"1\u00a0Minute\">\n<script type=\"application\/ld+json\" class=\"yoast-schema-graph\">{\"@context\":\"https:\/\/schema.org\",\"@graph\":[{\"@type\":\"Organization\",\"@id\":\"https:\/\/coletivoamarelo.com\/#organization\",\"name\":\"Coletivo Amarelo\",\"url\":\"https:\/\/coletivoamarelo.com\/\",\"sameAs\":[],\"logo\":{\"@type\":\"ImageObject\",\"@id\":\"https:\/\/coletivoamarelo.com\/#logo\",\"inLanguage\":\"de\",\"url\":\"https:\/\/coletivoamarelo.com\/wp-content\/uploads\/2023\/01\/coletivo-amarelo-logo-04.svg\",\"caption\":\"Coletivo Amarelo\"},\"image\":{\"@id\":\"https:\/\/coletivoamarelo.com\/#logo\"}},{\"@type\":\"WebSite\",\"@id\":\"https:\/\/coletivoamarelo.com\/#website\",\"url\":\"https:\/\/coletivoamarelo.com\/\",\"name\":\"Coletivo Amarelo\",\"description\":\"\",\"publisher\":{\"@id\":\"https:\/\/coletivoamarelo.com\/#organization\"},\"potentialAction\":[{\"@type\":\"SearchAction\",\"target\":\"https:\/\/coletivoamarelo.com\/?s={search_term_string}\",\"query-input\":\"required name=search_term_string\"}],\"inLanguage\":\"de\"},{\"@type\":\"ImageObject\",\"@id\":\"https:\/\/coletivoamarelo.com\/affordable-art-fair-brussels\/#primaryimage\",\"inLanguage\":\"de\",\"url\":\"https:\/\/coletivoamarelo.com\/wp-content\/uploads\/2024\/02\/AFFBRUSSELS-1.jpg\",\"width\":2500,\"height\":1667},{\"@type\":\"WebPage\",\"@id\":\"https:\/\/coletivoamarelo.com\/affordable-art-fair-brussels\/#webpage\",\"url\":\"https:\/\/coletivoamarelo.com\/affordable-art-fair-brussels\/\",\"name\":\"Affordable Art Fair Brussels &mdash; Coletivo Amarelo\",\"isPartOf\":{\"@id\":\"https:\/\/coletivoamarelo.com\/#website\"},\"primaryImageOfPage\":{\"@id\":\"https:\/\/coletivoamarelo.com\/affordable-art-fair-brussels\/#primaryimage\"},\"datePublished\":\"2024-02-06T13:13:54+00:00\",\"dateModified\":\"2025-08-27T10:33:20+00:00\",\"breadcrumb\":{\"@id\":\"https:\/\/coletivoamarelo.com\/affordable-art-fair-brussels\/#breadcrumb\"},\"inLanguage\":\"de\",\"potentialAction\":[{\"@type\":\"ReadAction\",\"target\":[\"https:\/\/coletivoamarelo.com\/affordable-art-fair-brussels\/\"]}]},{\"@type\":\"BreadcrumbList\",\"@id\":\"https:\/\/coletivoamarelo.com\/affordable-art-fair-brussels\/#breadcrumb\",\"itemListElement\":[{\"@type\":\"ListItem\",\"position\":1,\"item\":{\"@type\":\"WebPage\",\"@id\":\"https:\/\/coletivoamarelo.com\/\",\"url\":\"https:\/\/coletivoamarelo.com\/\",\"name\":\"Home\"}},{\"@type\":\"ListItem\",\"position\":2,\"item\":{\"@type\":\"WebPage\",\"@id\":\"https:\/\/coletivoamarelo.com\/affordable-art-fair-brussels\/\",\"url\":\"https:\/\/coletivoamarelo.com\/affordable-art-fair-brussels\/\",\"name\":\"Affordable Art Fair Brussels\"}}]},{\"@type\":\"Article\",\"@id\":\"https:\/\/coletivoamarelo.com\/affordable-art-fair-brussels\/#article\",\"isPartOf\":{\"@id\":\"https:\/\/coletivoamarelo.com\/affordable-art-fair-brussels\/#webpage\"},\"author\":{\"@id\":\"https:\/\/coletivoamarelo.com\/#\/schema\/person\/0fbc30ce6db539a3d395008a59443aea\"},\"headline\":\"Affordable Art Fair Brussels\",\"datePublished\":\"2024-02-06T13:13:54+00:00\",\"dateModified\":\"2025-08-27T10:33:20+00:00\",\"mainEntityOfPage\":{\"@id\":\"https:\/\/coletivoamarelo.com\/affordable-art-fair-brussels\/#webpage\"},\"publisher\":{\"@id\":\"https:\/\/coletivoamarelo.com\/#organization\"},\"image\":{\"@id\":\"https:\/\/coletivoamarelo.com\/affordable-art-fair-brussels\/#primaryimage\"},\"articleSection\":\"Artigo,Destaque,Eventos\",\"inLanguage\":\"de\"},{\"@type\":\"Person\",\"@id\":\"https:\/\/coletivoamarelo.com\/#\/schema\/person\/0fbc30ce6db539a3d395008a59443aea\",\"name\":\"Stephanie Wruck\",\"image\":{\"@type\":\"ImageObject\",\"@id\":\"https:\/\/coletivoamarelo.com\/#personlogo\",\"inLanguage\":\"de\",\"url\":\"https:\/\/secure.gravatar.com\/avatar\/419b60e2d015a80726e5002c4546d205b24df0d35397b43cdc35aebccc044352?s=96&d=mm&r=g\",\"caption\":\"Stephanie Wruck\"}}]}<\/script>\n<!-- \/ Yoast SEO Premium plugin. -->","jetpack_sharing_enabled":true,"_links":{"self":[{"href":"https:\/\/coletivoamarelo.com\/de\/wp-json\/wp\/v2\/posts\/2670","targetHints":{"allow":["GET"]}}],"collection":[{"href":"https:\/\/coletivoamarelo.com\/de\/wp-json\/wp\/v2\/posts"}],"about":[{"href":"https:\/\/coletivoamarelo.com\/de\/wp-json\/wp\/v2\/types\/post"}],"author":[{"embeddable":true,"href":"https:\/\/coletivoamarelo.com\/de\/wp-json\/wp\/v2\/users\/3"}],"replies":[{"embeddable":true,"href":"https:\/\/coletivoamarelo.com\/de\/wp-json\/wp\/v2\/comments?post=2670"}],"version-history":[{"count":3,"href":"https:\/\/coletivoamarelo.com\/de\/wp-json\/wp\/v2\/posts\/2670\/revisions"}],"predecessor-version":[{"id":2675,"href":"https:\/\/coletivoamarelo.com\/de\/wp-json\/wp\/v2\/posts\/2670\/revisions\/2675"}],"wp:featuredmedia":[{"embeddable":true,"href":"https:\/\/coletivoamarelo.com\/de\/wp-json\/wp\/v2\/media\/2672"}],"wp:attachment":[{"href":"https:\/\/coletivoamarelo.com\/de\/wp-json\/wp\/v2\/media?parent=2670"}],"wp:term":[{"taxonomy":"category","embeddable":true,"href":"https:\/\/coletivoamarelo.com\/de\/wp-json\/wp\/v2\/categories?post=2670"},{"taxonomy":"post_tag","embeddable":true,"href":"https:\/\/coletivoamarelo.com\/de\/wp-json\/wp\/v2\/tags?post=2670"}],"curies":[{"name":"wp","href":"https:\/\/api.w.org\/{rel}","templated":true}]}}