{"id":2577,"date":"2024-01-11T17:09:45","date_gmt":"2024-01-11T17:09:45","guid":{"rendered":"https:\/\/coletivoamarelo.com\/?p=2577"},"modified":"2025-08-27T10:33:20","modified_gmt":"2025-08-27T10:33:20","slug":"a-pele-da-terra","status":"publish","type":"post","link":"https:\/\/coletivoamarelo.com\/de\/a-pele-da-terra\/","title":{"rendered":"DIE HAUT DER ERDE"},"content":{"rendered":"<p><strong>PLANEN SIE DIESEN DATUM: Er\u00f6ffnung am 20. Januar von 18:00 bis 21:00 Uhr.<\/strong><\/p>\n<p>A PELE DA TERRA ist die erste Einzelausstellung der K\u00fcnstlerin Natalia Loyola. Die Ausstellung stellt drei neue Installationen vor und untersucht die Entwicklung und Beschaffenheit der Elemente, aus denen das besteht, was sie \u201edie Haut der Erde\u201c nennt. Seine Arbeit reflektiert die Art und Weise, wie wir Sprache produzieren und diese Welt durch fotografische Experimente, Fotoobjekte und Installationen bewohnen.<\/p>\n<p>Wie beeinflusst unsere gegenw\u00e4rtige Beziehung zum Land unsere Sprache und unsere Subjektivit\u00e4t?<\/p>\n<p>In unserem Projektraum, der kleinsten Galerie Lissabons, wird Fl\u00e1via Regaldo die Metallstichserie \u201eCabe\u00e7a de anta era boi\u201c ausstellen. Seine Arbeit erforscht die zyklische Natur von Zeit und Geologie.<\/p>\n<p>Kuratiert von Sofia Steinvorth<\/p>","protected":false},"excerpt":{"rendered":"<p>MARQUE ESTA DATA: Abertura dia 20 de janeiro, das 18h \u00e1s 21h. A PELE DA TERRA marca a primeira exposi\u00e7\u00e3o individual da artista Natalia Loyola. A exposi\u00e7\u00e3o estr\u00e9ia tr\u00eas novas instala\u00e7\u00f5es e explora o desenvolvimento e a constitui\u00e7\u00e3o dos elementos que comp\u00f5e aquilo que ela chama de \u201ca pele da terra\u201d. Seu trabalho reflete sobre [&hellip;]<\/p>\n","protected":false},"author":3,"featured_media":2578,"comment_status":"closed","ping_status":"open","sticky":false,"template":"","format":"standard","meta":{"_et_pb_use_builder":"","_et_pb_old_content":"","_et_gb_content_width":"","_jetpack_memberships_contains_paid_content":false,"footnotes":""},"categories":[68,90,35],"tags":[],"class_list":["post-2577","post","type-post","status-publish","format-standard","has-post-thumbnail","hentry","category-artigo","category-destaque-home","category-eventos"],"acf":[],"jetpack_featured_media_url":"https:\/\/coletivoamarelo.com\/wp-content\/uploads\/2024\/01\/convite-skin1.jpg","yoast_head":"<!-- This site is optimized with the Yoast SEO Premium plugin v15.3 - https:\/\/yoast.com\/wordpress\/plugins\/seo\/ -->\n<title>A PELE DA TERRA &mdash; Coletivo Amarelo<\/title>\n<meta name=\"robots\" content=\"index, follow, max-snippet:-1, max-image-preview:large, max-video-preview:-1\" \/>\n<link rel=\"canonical\" href=\"https:\/\/coletivoamarelo.com\/de\/a-pele-da-terra\/\" \/>\n<meta property=\"og:locale\" content=\"de_DE\" \/>\n<meta property=\"og:type\" content=\"article\" \/>\n<meta property=\"og:title\" content=\"A PELE DA TERRA &mdash; Coletivo Amarelo\" \/>\n<meta property=\"og:description\" content=\"MARQUE ESTA DATA: Abertura dia 20 de janeiro, das 18h \u00e1s 21h. A PELE DA TERRA marca a primeira exposi\u00e7\u00e3o individual da artista Natalia Loyola. A exposi\u00e7\u00e3o estr\u00e9ia tr\u00eas novas instala\u00e7\u00f5es e explora o desenvolvimento e a constitui\u00e7\u00e3o dos elementos que comp\u00f5e aquilo que ela chama de \u201ca pele da terra\u201d. Seu trabalho reflete sobre [&hellip;]\" \/>\n<meta property=\"og:url\" content=\"https:\/\/coletivoamarelo.com\/de\/a-pele-da-terra\/\" \/>\n<meta property=\"og:site_name\" content=\"Coletivo Amarelo\" \/>\n<meta property=\"article:published_time\" content=\"2024-01-11T17:09:45+00:00\" \/>\n<meta property=\"article:modified_time\" content=\"2025-08-27T10:33:20+00:00\" \/>\n<meta property=\"og:image\" content=\"https:\/\/coletivoamarelo.com\/wp-content\/uploads\/2024\/01\/convite-skin1.jpg\" \/>\n\t<meta property=\"og:image:width\" content=\"864\" \/>\n\t<meta property=\"og:image:height\" content=\"1080\" \/>\n<meta name=\"twitter:card\" content=\"summary_large_image\" \/>\n<meta name=\"twitter:label1\" content=\"Verfasst von\">\n\t<meta name=\"twitter:data1\" content=\"Stephanie Wruck\">\n\t<meta name=\"twitter:label2\" content=\"Gesch\u00e4tzte Lesezeit\">\n\t<meta name=\"twitter:data2\" content=\"1\u00a0Minute\">\n<script type=\"application\/ld+json\" class=\"yoast-schema-graph\">{\"@context\":\"https:\/\/schema.org\",\"@graph\":[{\"@type\":\"Organization\",\"@id\":\"https:\/\/coletivoamarelo.com\/#organization\",\"name\":\"Coletivo Amarelo\",\"url\":\"https:\/\/coletivoamarelo.com\/\",\"sameAs\":[],\"logo\":{\"@type\":\"ImageObject\",\"@id\":\"https:\/\/coletivoamarelo.com\/#logo\",\"inLanguage\":\"de\",\"url\":\"https:\/\/coletivoamarelo.com\/wp-content\/uploads\/2023\/01\/coletivo-amarelo-logo-04.svg\",\"caption\":\"Coletivo Amarelo\"},\"image\":{\"@id\":\"https:\/\/coletivoamarelo.com\/#logo\"}},{\"@type\":\"WebSite\",\"@id\":\"https:\/\/coletivoamarelo.com\/#website\",\"url\":\"https:\/\/coletivoamarelo.com\/\",\"name\":\"Coletivo Amarelo\",\"description\":\"\",\"publisher\":{\"@id\":\"https:\/\/coletivoamarelo.com\/#organization\"},\"potentialAction\":[{\"@type\":\"SearchAction\",\"target\":\"https:\/\/coletivoamarelo.com\/?s={search_term_string}\",\"query-input\":\"required name=search_term_string\"}],\"inLanguage\":\"de\"},{\"@type\":\"ImageObject\",\"@id\":\"https:\/\/coletivoamarelo.com\/a-pele-da-terra\/#primaryimage\",\"inLanguage\":\"de\",\"url\":\"https:\/\/coletivoamarelo.com\/wp-content\/uploads\/2024\/01\/convite-skin1.jpg\",\"width\":864,\"height\":1080},{\"@type\":\"WebPage\",\"@id\":\"https:\/\/coletivoamarelo.com\/a-pele-da-terra\/#webpage\",\"url\":\"https:\/\/coletivoamarelo.com\/a-pele-da-terra\/\",\"name\":\"A PELE DA TERRA &mdash; Coletivo Amarelo\",\"isPartOf\":{\"@id\":\"https:\/\/coletivoamarelo.com\/#website\"},\"primaryImageOfPage\":{\"@id\":\"https:\/\/coletivoamarelo.com\/a-pele-da-terra\/#primaryimage\"},\"datePublished\":\"2024-01-11T17:09:45+00:00\",\"dateModified\":\"2025-08-27T10:33:20+00:00\",\"breadcrumb\":{\"@id\":\"https:\/\/coletivoamarelo.com\/a-pele-da-terra\/#breadcrumb\"},\"inLanguage\":\"de\",\"potentialAction\":[{\"@type\":\"ReadAction\",\"target\":[\"https:\/\/coletivoamarelo.com\/a-pele-da-terra\/\"]}]},{\"@type\":\"BreadcrumbList\",\"@id\":\"https:\/\/coletivoamarelo.com\/a-pele-da-terra\/#breadcrumb\",\"itemListElement\":[{\"@type\":\"ListItem\",\"position\":1,\"item\":{\"@type\":\"WebPage\",\"@id\":\"https:\/\/coletivoamarelo.com\/\",\"url\":\"https:\/\/coletivoamarelo.com\/\",\"name\":\"Home\"}},{\"@type\":\"ListItem\",\"position\":2,\"item\":{\"@type\":\"WebPage\",\"@id\":\"https:\/\/coletivoamarelo.com\/a-pele-da-terra\/\",\"url\":\"https:\/\/coletivoamarelo.com\/a-pele-da-terra\/\",\"name\":\"A PELE DA TERRA\"}}]},{\"@type\":\"Article\",\"@id\":\"https:\/\/coletivoamarelo.com\/a-pele-da-terra\/#article\",\"isPartOf\":{\"@id\":\"https:\/\/coletivoamarelo.com\/a-pele-da-terra\/#webpage\"},\"author\":{\"@id\":\"https:\/\/coletivoamarelo.com\/#\/schema\/person\/0fbc30ce6db539a3d395008a59443aea\"},\"headline\":\"A PELE DA TERRA\",\"datePublished\":\"2024-01-11T17:09:45+00:00\",\"dateModified\":\"2025-08-27T10:33:20+00:00\",\"mainEntityOfPage\":{\"@id\":\"https:\/\/coletivoamarelo.com\/a-pele-da-terra\/#webpage\"},\"publisher\":{\"@id\":\"https:\/\/coletivoamarelo.com\/#organization\"},\"image\":{\"@id\":\"https:\/\/coletivoamarelo.com\/a-pele-da-terra\/#primaryimage\"},\"articleSection\":\"Artigo,Destaque,Eventos\",\"inLanguage\":\"de\"},{\"@type\":\"Person\",\"@id\":\"https:\/\/coletivoamarelo.com\/#\/schema\/person\/0fbc30ce6db539a3d395008a59443aea\",\"name\":\"Stephanie Wruck\",\"image\":{\"@type\":\"ImageObject\",\"@id\":\"https:\/\/coletivoamarelo.com\/#personlogo\",\"inLanguage\":\"de\",\"url\":\"https:\/\/secure.gravatar.com\/avatar\/419b60e2d015a80726e5002c4546d205b24df0d35397b43cdc35aebccc044352?s=96&d=mm&r=g\",\"caption\":\"Stephanie Wruck\"}}]}<\/script>\n<!-- \/ Yoast SEO Premium plugin. -->","jetpack_sharing_enabled":true,"_links":{"self":[{"href":"https:\/\/coletivoamarelo.com\/de\/wp-json\/wp\/v2\/posts\/2577","targetHints":{"allow":["GET"]}}],"collection":[{"href":"https:\/\/coletivoamarelo.com\/de\/wp-json\/wp\/v2\/posts"}],"about":[{"href":"https:\/\/coletivoamarelo.com\/de\/wp-json\/wp\/v2\/types\/post"}],"author":[{"embeddable":true,"href":"https:\/\/coletivoamarelo.com\/de\/wp-json\/wp\/v2\/users\/3"}],"replies":[{"embeddable":true,"href":"https:\/\/coletivoamarelo.com\/de\/wp-json\/wp\/v2\/comments?post=2577"}],"version-history":[{"count":2,"href":"https:\/\/coletivoamarelo.com\/de\/wp-json\/wp\/v2\/posts\/2577\/revisions"}],"predecessor-version":[{"id":2580,"href":"https:\/\/coletivoamarelo.com\/de\/wp-json\/wp\/v2\/posts\/2577\/revisions\/2580"}],"wp:featuredmedia":[{"embeddable":true,"href":"https:\/\/coletivoamarelo.com\/de\/wp-json\/wp\/v2\/media\/2578"}],"wp:attachment":[{"href":"https:\/\/coletivoamarelo.com\/de\/wp-json\/wp\/v2\/media?parent=2577"}],"wp:term":[{"taxonomy":"category","embeddable":true,"href":"https:\/\/coletivoamarelo.com\/de\/wp-json\/wp\/v2\/categories?post=2577"},{"taxonomy":"post_tag","embeddable":true,"href":"https:\/\/coletivoamarelo.com\/de\/wp-json\/wp\/v2\/tags?post=2577"}],"curies":[{"name":"wp","href":"https:\/\/api.w.org\/{rel}","templated":true}]}}