{"id":298,"date":"2021-08-19T17:00:19","date_gmt":"2021-08-19T17:00:19","guid":{"rendered":"https:\/\/dev.coletivoamarelo.pt\/?p=298"},"modified":"2023-05-10T12:28:40","modified_gmt":"2023-05-10T12:28:40","slug":"percepcao","status":"publish","type":"post","link":"http:\/\/coletivoamarelo.com\/fr\/percepcao\/","title":{"rendered":"Perception"},"content":{"rendered":"<p><span style=\"font-weight: 400;\">Perception:<\/span><\/p>\n<p><span style=\"font-weight: 400;\">effet de percevoir, de comprendre le sens de quelque chose \u00e0 travers les sens.<\/span><\/p>\n<p><span style=\"font-weight: 400;\">L&#039;acte d&#039;observer ce qui nous entoure se produit chaque jour automatiquement et imm\u00e9diatement, quels que soient les espaces dans lesquels nous sommes ins\u00e9r\u00e9s ; que ce soit dans un mus\u00e9e, \u00e0 l&#039;int\u00e9rieur ou en se promenant dans les rues de la ville. \u00c0 partir de ces observations, il est possible d\u2019attribuer des significations \u00e0 certaines situations et circonstances.\u00a0<\/span><\/p>\n<p><span style=\"font-weight: 400;\">Partant de cette id\u00e9e, quels sont les avantages de remettre en question nos propres processus de regard sur les \u0153uvres artistiques ?\u00a0<\/span><\/p>\n<p><span style=\"font-weight: 400;\">Le th\u00e8me de l&#039;\u00e9poque est la perception, contextualis\u00e9e dans les m\u00e9canismes du regard. L\u2019exercice d\u2019observation d\u2019une \u0153uvre d\u2019art peut se d\u00e9rouler d\u2019innombrables mani\u00e8res, g\u00e9n\u00e9rant des r\u00e9sultats diff\u00e9rents sur l\u2019\u0153uvre elle-m\u00eame mais aussi sur l\u2019observateur.\u00a0<\/span><\/p>\n<p><span style=\"font-weight: 400;\">Notre capacit\u00e9 \u00e0 attribuer un sens aux \u0153uvres artistiques peut se d\u00e9velopper plus profond\u00e9ment lorsque nous sommes attentifs \u00e0 nos propres processus d\u2019observation. Quelle est la diff\u00e9rence entre l\u2019attribution de significations et une compr\u00e9hension authentique et organique\u00a0?\u00a0<\/span><\/p>\n<p><span style=\"font-weight: 400;\">Il existe des images qui fonctionnent comme un moyen de donner un sens \u00e0 des situations et \u00e0 des sc\u00e9narios, et d\u2019autres qui offrent une compr\u00e9hension automatique de ce qui n\u2019\u00e9tait pas auparavant m\u00e2ch\u00e9 pour notre consommation. Dans ce cas, quel serait le r\u00f4le de l\u2019observateur dans la production de significations pour les \u0153uvres d\u2019art ?\u00a0<\/span><\/p>\n<p><span style=\"font-weight: 400;\">Nos perceptions interf\u00e8rent \u00e9galement dans la production de nos souvenirs, fusionnant les informations d&#039;imagerie et cr\u00e9ant de nouveaux langages et significations. Nos champs imaginaires sont donc en constante \u00e9volution. Est-il possible de cultiver notre propre m\u00e9canisme de regard pour devenir plus profond et plus significatif ?\u00a0<\/span><\/p>\n<p><span style=\"font-weight: 400;\">Au cours des prochaines semaines, nous proposerons des exercices du regard, enqu\u00eaterons sur notre rapport au regard que nous portons sur les \u0153uvres d&#039;art et illustrerons le th\u00e8me en apportant des \u0153uvres d&#039;artistes qui dialoguent avec ces questions.\u00a0<\/span><\/p>\n<p>Image : Marco Tirelli<\/p>","protected":false},"excerpt":{"rendered":"<p>Percep\u00e7\u00e3o: efeito de perceber, de compreender o sentido de algo por meio de sentidos. O ato de observar aquilo que nos rodeia ocorre todos os dias de forma autom\u00e1tica e imediata, independentemente dos espa\u00e7os que estamos inseridos; seja em um museu, dentro de casa ou andando pelas ruas da cidade. A partir dessas observa\u00e7\u00f5es, \u00e9 [&hellip;]<\/p>\n","protected":false},"author":3,"featured_media":1866,"comment_status":"open","ping_status":"open","sticky":false,"template":"","format":"standard","meta":{"_et_pb_use_builder":"","_et_pb_old_content":"","_et_gb_content_width":"","_jetpack_memberships_contains_paid_content":false,"footnotes":""},"categories":[68],"tags":[],"class_list":["post-298","post","type-post","status-publish","format-standard","has-post-thumbnail","hentry","category-artigo"],"acf":[],"jetpack_featured_media_url":"https:\/\/coletivoamarelo.com\/wp-content\/uploads\/2021\/08\/marcotirelli2.jpeg","yoast_head":"<!-- This site is optimized with the Yoast SEO Premium plugin v15.3 - https:\/\/yoast.com\/wordpress\/plugins\/seo\/ -->\n<title>Percep\u00e7\u00e3o &mdash; Coletivo Amarelo<\/title>\n<meta name=\"robots\" content=\"index, follow, max-snippet:-1, max-image-preview:large, max-video-preview:-1\" \/>\n<link rel=\"canonical\" href=\"http:\/\/coletivoamarelo.com\/fr\/nl_be\/percepcao\/\" \/>\n<meta property=\"og:locale\" content=\"fr_FR\" \/>\n<meta property=\"og:type\" content=\"article\" \/>\n<meta property=\"og:title\" content=\"Percep\u00e7\u00e3o &mdash; Coletivo Amarelo\" \/>\n<meta property=\"og:description\" content=\"Percep\u00e7\u00e3o: efeito de perceber, de compreender o sentido de algo por meio de sentidos. O ato de observar aquilo que nos rodeia ocorre todos os dias de forma autom\u00e1tica e imediata, independentemente dos espa\u00e7os que estamos inseridos; seja em um museu, dentro de casa ou andando pelas ruas da cidade. A partir dessas observa\u00e7\u00f5es, \u00e9 [&hellip;]\" \/>\n<meta property=\"og:url\" content=\"http:\/\/coletivoamarelo.com\/fr\/nl_be\/percepcao\/\" \/>\n<meta property=\"og:site_name\" content=\"Coletivo Amarelo\" \/>\n<meta property=\"article:published_time\" content=\"2021-08-19T17:00:19+00:00\" \/>\n<meta property=\"article:modified_time\" content=\"2023-05-10T12:28:40+00:00\" \/>\n<meta property=\"og:image\" content=\"https:\/\/coletivoamarelo.com\/wp-content\/uploads\/2021\/08\/marcotirelli2.jpeg\" \/>\n\t<meta property=\"og:image:width\" content=\"321\" \/>\n\t<meta property=\"og:image:height\" content=\"400\" \/>\n<meta name=\"twitter:card\" content=\"summary_large_image\" \/>\n<meta name=\"twitter:label1\" content=\"\u00c9crit par\">\n\t<meta name=\"twitter:data1\" content=\"Stephanie Wruck\">\n\t<meta name=\"twitter:label2\" content=\"Dur\u00e9e de lecture estim\u00e9e\">\n\t<meta name=\"twitter:data2\" content=\"1 minute\">\n<script type=\"application\/ld+json\" class=\"yoast-schema-graph\">{\"@context\":\"https:\/\/schema.org\",\"@graph\":[{\"@type\":\"Organization\",\"@id\":\"https:\/\/coletivoamarelo.com\/#organization\",\"name\":\"Coletivo Amarelo\",\"url\":\"https:\/\/coletivoamarelo.com\/\",\"sameAs\":[],\"logo\":{\"@type\":\"ImageObject\",\"@id\":\"https:\/\/coletivoamarelo.com\/#logo\",\"inLanguage\":\"fr-FR\",\"url\":\"https:\/\/coletivoamarelo.com\/wp-content\/uploads\/2023\/01\/coletivo-amarelo-logo-04.svg\",\"caption\":\"Coletivo Amarelo\"},\"image\":{\"@id\":\"https:\/\/coletivoamarelo.com\/#logo\"}},{\"@type\":\"WebSite\",\"@id\":\"https:\/\/coletivoamarelo.com\/#website\",\"url\":\"https:\/\/coletivoamarelo.com\/\",\"name\":\"Coletivo Amarelo\",\"description\":\"\",\"publisher\":{\"@id\":\"https:\/\/coletivoamarelo.com\/#organization\"},\"potentialAction\":[{\"@type\":\"SearchAction\",\"target\":\"https:\/\/coletivoamarelo.com\/?s={search_term_string}\",\"query-input\":\"required name=search_term_string\"}],\"inLanguage\":\"fr-FR\"},{\"@type\":\"ImageObject\",\"@id\":\"http:\/\/coletivoamarelo.com\/nl_be\/percepcao\/#primaryimage\",\"inLanguage\":\"fr-FR\",\"url\":\"https:\/\/coletivoamarelo.com\/wp-content\/uploads\/2021\/08\/marcotirelli2.jpeg\",\"width\":321,\"height\":400},{\"@type\":\"WebPage\",\"@id\":\"http:\/\/coletivoamarelo.com\/nl_be\/percepcao\/#webpage\",\"url\":\"http:\/\/coletivoamarelo.com\/nl_be\/percepcao\/\",\"name\":\"Percep\\u00e7\\u00e3o &mdash; Coletivo Amarelo\",\"isPartOf\":{\"@id\":\"https:\/\/coletivoamarelo.com\/#website\"},\"primaryImageOfPage\":{\"@id\":\"http:\/\/coletivoamarelo.com\/nl_be\/percepcao\/#primaryimage\"},\"datePublished\":\"2021-08-19T17:00:19+00:00\",\"dateModified\":\"2023-05-10T12:28:40+00:00\",\"breadcrumb\":{\"@id\":\"http:\/\/coletivoamarelo.com\/nl_be\/percepcao\/#breadcrumb\"},\"inLanguage\":\"fr-FR\",\"potentialAction\":[{\"@type\":\"ReadAction\",\"target\":[\"http:\/\/coletivoamarelo.com\/nl_be\/percepcao\/\"]}]},{\"@type\":\"BreadcrumbList\",\"@id\":\"http:\/\/coletivoamarelo.com\/nl_be\/percepcao\/#breadcrumb\",\"itemListElement\":[{\"@type\":\"ListItem\",\"position\":1,\"item\":{\"@type\":\"WebPage\",\"@id\":\"https:\/\/coletivoamarelo.com\/\",\"url\":\"https:\/\/coletivoamarelo.com\/\",\"name\":\"Home\"}},{\"@type\":\"ListItem\",\"position\":2,\"item\":{\"@type\":\"WebPage\",\"@id\":\"http:\/\/coletivoamarelo.com\/nl_be\/percepcao\/\",\"url\":\"http:\/\/coletivoamarelo.com\/nl_be\/percepcao\/\",\"name\":\"Percep\\u00e7\\u00e3o\"}}]},{\"@type\":\"Article\",\"@id\":\"http:\/\/coletivoamarelo.com\/nl_be\/percepcao\/#article\",\"isPartOf\":{\"@id\":\"http:\/\/coletivoamarelo.com\/nl_be\/percepcao\/#webpage\"},\"author\":{\"@id\":\"https:\/\/coletivoamarelo.com\/#\/schema\/person\/0fbc30ce6db539a3d395008a59443aea\"},\"headline\":\"Percep\\u00e7\\u00e3o\",\"datePublished\":\"2021-08-19T17:00:19+00:00\",\"dateModified\":\"2023-05-10T12:28:40+00:00\",\"mainEntityOfPage\":{\"@id\":\"http:\/\/coletivoamarelo.com\/nl_be\/percepcao\/#webpage\"},\"commentCount\":0,\"publisher\":{\"@id\":\"https:\/\/coletivoamarelo.com\/#organization\"},\"image\":{\"@id\":\"http:\/\/coletivoamarelo.com\/nl_be\/percepcao\/#primaryimage\"},\"articleSection\":\"Artigo\",\"inLanguage\":\"fr-FR\",\"potentialAction\":[{\"@type\":\"CommentAction\",\"name\":\"Comment\",\"target\":[\"http:\/\/coletivoamarelo.com\/nl_be\/percepcao\/#respond\"]}]},{\"@type\":\"Person\",\"@id\":\"https:\/\/coletivoamarelo.com\/#\/schema\/person\/0fbc30ce6db539a3d395008a59443aea\",\"name\":\"Stephanie Wruck\",\"image\":{\"@type\":\"ImageObject\",\"@id\":\"https:\/\/coletivoamarelo.com\/#personlogo\",\"inLanguage\":\"fr-FR\",\"url\":\"https:\/\/secure.gravatar.com\/avatar\/419b60e2d015a80726e5002c4546d205b24df0d35397b43cdc35aebccc044352?s=96&d=mm&r=g\",\"caption\":\"Stephanie Wruck\"}}]}<\/script>\n<!-- \/ Yoast SEO Premium plugin. -->","jetpack_sharing_enabled":true,"_links":{"self":[{"href":"http:\/\/coletivoamarelo.com\/fr\/wp-json\/wp\/v2\/posts\/298","targetHints":{"allow":["GET"]}}],"collection":[{"href":"http:\/\/coletivoamarelo.com\/fr\/wp-json\/wp\/v2\/posts"}],"about":[{"href":"http:\/\/coletivoamarelo.com\/fr\/wp-json\/wp\/v2\/types\/post"}],"author":[{"embeddable":true,"href":"http:\/\/coletivoamarelo.com\/fr\/wp-json\/wp\/v2\/users\/3"}],"replies":[{"embeddable":true,"href":"http:\/\/coletivoamarelo.com\/fr\/wp-json\/wp\/v2\/comments?post=298"}],"version-history":[{"count":0,"href":"http:\/\/coletivoamarelo.com\/fr\/wp-json\/wp\/v2\/posts\/298\/revisions"}],"wp:featuredmedia":[{"embeddable":true,"href":"http:\/\/coletivoamarelo.com\/fr\/wp-json\/wp\/v2\/media\/1866"}],"wp:attachment":[{"href":"http:\/\/coletivoamarelo.com\/fr\/wp-json\/wp\/v2\/media?parent=298"}],"wp:term":[{"taxonomy":"category","embeddable":true,"href":"http:\/\/coletivoamarelo.com\/fr\/wp-json\/wp\/v2\/categories?post=298"},{"taxonomy":"post_tag","embeddable":true,"href":"http:\/\/coletivoamarelo.com\/fr\/wp-json\/wp\/v2\/tags?post=298"}],"curies":[{"name":"wp","href":"https:\/\/api.w.org\/{rel}","templated":true}]}}